{"id":1869,"date":"2021-06-06T14:59:27","date_gmt":"2021-06-06T12:59:27","guid":{"rendered":"https:\/\/union-adm.at\/?p=1869"},"modified":"2021-06-06T15:18:13","modified_gmt":"2021-06-06T13:18:13","slug":"ooe-landesmeisterschaften-in-rhythmischer-gymnastik","status":"publish","type":"post","link":"https:\/\/union-adm.at\/?p=1869","title":{"rendered":"O\u00d6. Landesmeisterschaften in Rhythmischer Gymnastik"},"content":{"rendered":"\n<p class=\"has-small-font-size\">Am 30.5.2021 fanden im Olympiazentrum auf der Gugl in Linz die<\/p>\n\n\n\n<p class=\"has-small-font-size\">Ober\u00f6sterreichischen Landesmeisterschaften in Rhythmischer <strong>G<\/strong>ymnastik statt.<\/p>\n\n\n\n<p class=\"has-small-font-size\">Dieser Wettkampf ist f\u00fcr viele unserer Gymnastinnen der Saisonh\u00f6hepunkt, auf den sie das ganze Jahr hinarbeiteten.<\/p>\n\n\n\n<p class=\"has-small-font-size\">Heuer durften nur Gymnastinnen am Wettkampf teilnehmen, die eine Trainingsfreigabe vom Ministerium erhalten hatten. Trotzdem waren 15 Gymnastinnen von unserem Verein dabei. Die \u00dcbungen gelangen gut und die Freude wieder auf der Wettkampffl\u00e4che zu stehen war gro\u00df.<\/p>\n\n\n\n<p class=\"has-small-font-size\">O\u00d6. Landesmeisterin im Mehrkampf wurde Yasmin Doberenz von Sportunion ADM. Sie gewann auch die Finali Ball, Keule, Band und wurde im Finale Reifen Zweite.  Wir gratulieren herzlich! <\/p>\n\n\n\n<p> <\/p>\n\n\n\n<div class=\"wp-block-image\"><figure class=\"aligncenter is-resized\"><img decoding=\"async\" loading=\"lazy\" src=\"https:\/\/union-adm.at\/wp-content\/uploads\/2021\/06\/20210530_174054-1440x1920.jpg\" alt=\"\" class=\"wp-image-1874\" width=\"252\" height=\"336\" srcset=\"https:\/\/union-adm.at\/wp-content\/uploads\/2021\/06\/20210530_174054-1440x1920.jpg 1440w, https:\/\/union-adm.at\/wp-content\/uploads\/2021\/06\/20210530_174054-225x300.jpg 225w, https:\/\/union-adm.at\/wp-content\/uploads\/2021\/06\/20210530_174054-768x1024.jpg 768w, https:\/\/union-adm.at\/wp-content\/uploads\/2021\/06\/20210530_174054.jpg 1536w\" sizes=\"(max-width: 252px) 100vw, 252px\" \/><figcaption>Yasmin Doberenz O\u00d6 Landesmeisterin 2021<\/figcaption><\/figure><\/div>\n\n\n\n<div class=\"wp-block-image\"><figure class=\"aligncenter is-resized\"><img decoding=\"async\" loading=\"lazy\" src=\"https:\/\/union-adm.at\/wp-content\/uploads\/2021\/06\/20210530_124914-1920x1440.jpg\" alt=\"\" class=\"wp-image-1886\" width=\"298\" height=\"223\" srcset=\"https:\/\/union-adm.at\/wp-content\/uploads\/2021\/06\/20210530_124914-1920x1440.jpg 1920w, https:\/\/union-adm.at\/wp-content\/uploads\/2021\/06\/20210530_124914-300x225.jpg 300w, https:\/\/union-adm.at\/wp-content\/uploads\/2021\/06\/20210530_124914-768x576.jpg 768w, https:\/\/union-adm.at\/wp-content\/uploads\/2021\/06\/20210530_124914.jpg 2048w\" sizes=\"(max-width: 298px) 100vw, 298px\" \/><figcaption>ADM Kinderklasse<\/figcaption><\/figure><\/div>\n\n\n\n<p><\/p>\n<div id=\"themify_builder_content-1869\" data-postid=\"1869\" class=\"themify_builder_content themify_builder_content-1869 themify_builder themify_builder_front\">\n\n\t<\/div>\n<!-- \/themify_builder_content -->","protected":false},"excerpt":{"rendered":"<p>Am 30.5.2021 fanden im Olympiazentrum auf der Gugl in Linz die Ober\u00f6sterreichischen Landesmeisterschaften in Rhythmischer Gymnastik statt. Dieser Wettkampf ist f\u00fcr viele unserer Gymnastinnen der Saisonh\u00f6hepunkt, auf den sie das ganze Jahr hinarbeiteten. Heuer durften nur Gymnastinnen am Wettkampf teilnehmen, die eine Trainingsfreigabe vom Ministerium erhalten hatten. Trotzdem waren 15 Gymnastinnen von unserem Verein dabei. [&hellip;]<\/p>\n","protected":false},"author":6,"featured_media":1874,"comment_status":"open","ping_status":"open","sticky":false,"template":"","format":"standard","meta":[],"categories":[5],"tags":[],"_links":{"self":[{"href":"https:\/\/union-adm.at\/index.php?rest_route=\/wp\/v2\/posts\/1869"}],"collection":[{"href":"https:\/\/union-adm.at\/index.php?rest_route=\/wp\/v2\/posts"}],"about":[{"href":"https:\/\/union-adm.at\/index.php?rest_route=\/wp\/v2\/types\/post"}],"author":[{"embeddable":true,"href":"https:\/\/union-adm.at\/index.php?rest_route=\/wp\/v2\/users\/6"}],"replies":[{"embeddable":true,"href":"https:\/\/union-adm.at\/index.php?rest_route=%2Fwp%2Fv2%2Fcomments&post=1869"}],"version-history":[{"count":36,"href":"https:\/\/union-adm.at\/index.php?rest_route=\/wp\/v2\/posts\/1869\/revisions"}],"predecessor-version":[{"id":1923,"href":"https:\/\/union-adm.at\/index.php?rest_route=\/wp\/v2\/posts\/1869\/revisions\/1923"}],"wp:featuredmedia":[{"embeddable":true,"href":"https:\/\/union-adm.at\/index.php?rest_route=\/wp\/v2\/media\/1874"}],"wp:attachment":[{"href":"https:\/\/union-adm.at\/index.php?rest_route=%2Fwp%2Fv2%2Fmedia&parent=1869"}],"wp:term":[{"taxonomy":"category","embeddable":true,"href":"https:\/\/union-adm.at\/index.php?rest_route=%2Fwp%2Fv2%2Fcategories&post=1869"},{"taxonomy":"post_tag","embeddable":true,"href":"https:\/\/union-adm.at\/index.php?rest_route=%2Fwp%2Fv2%2Ftags&post=1869"}],"curies":[{"name":"wp","href":"https:\/\/api.w.org\/{rel}","templated":true}]}}