{"id":2715,"date":"2022-10-18T21:47:18","date_gmt":"2022-10-18T19:47:18","guid":{"rendered":"https:\/\/union-adm.at\/?p=2715"},"modified":"2023-03-20T10:27:59","modified_gmt":"2023-03-20T09:27:59","slug":"zwei-top-10-plaetze-fuer-die-adm-gymnastinnen-bei-den-gruppen-staatsmeisterschaften","status":"publish","type":"post","link":"https:\/\/union-adm.at\/?p=2715","title":{"rendered":"Zwei Top-10-Pl\u00e4tze f\u00fcr die ADM Gymnastinnen bei den Gruppen-Staatsmeisterschaften"},"content":{"rendered":"\n<p>Am Wochenende war es soweit: Unsere ADM-Gymnastik-M\u00e4dels machten sich auf nach Hard am Bodensee und fieberten ihrem gro\u00dfen Auftritt entgegen &#8211; den Staatsmeisterschaften im Gruppenbewerb! Die M\u00e4dchen waren aufgeregt aber guter Dinge &#8211; hatte man doch zwei Wochen davor den Landesmeistertitel geholt! Im Zug wurde noch flei\u00dfig trainiert und dann waren auch schon Einturnen und Wettkampf an der Reihe: eine fehlerfreie &#8220;K\u00fcr ohne Handger\u00e4t&#8221; reichte f\u00fcr Platz 7, ohne den kleinen Unsicherheiten in der Reifen\u00fcbung h\u00e4tte man bei Platz 5 vielleicht noch den einen oder anderen Platz herausholen k\u00f6nnen. &#8220;Die M\u00e4dchen konnten viel Erfahrung sammeln und sich mit den besten aus ganz \u00d6sterreich messen&#8221;, so Trainer und Kampfrichterin Rene und Annett Doberenz. <\/p>\n\n\n\n<p><strong>Die Union ADM gratuliert!<\/strong>     <\/p>\n\n\n\n<figure class=\"wp-block-gallery has-nested-images columns-default is-cropped wp-block-gallery-1 is-layout-flex\">\n<figure class=\"wp-block-image size-large\"><img decoding=\"async\" loading=\"lazy\" width=\"900\" height=\"1600\" data-id=\"2718\"  src=\"https:\/\/union-adm.at\/wp-content\/uploads\/2022\/10\/IMG_6708.jpg\" alt=\"\" class=\"wp-image-2718\" srcset=\"https:\/\/union-adm.at\/wp-content\/uploads\/2022\/10\/IMG_6708.jpg 900w, https:\/\/union-adm.at\/wp-content\/uploads\/2022\/10\/IMG_6708-169x300.jpg 169w, https:\/\/union-adm.at\/wp-content\/uploads\/2022\/10\/IMG_6708-768x1365.jpg 768w, https:\/\/union-adm.at\/wp-content\/uploads\/2022\/10\/IMG_6708-864x1536.jpg 864w\" sizes=\"(max-width: 900px) 100vw, 900px\" \/><figcaption>Wir trainieren auch im Zug!<\/figcaption><\/figure>\n\n\n\n<figure class=\"wp-block-image size-large\"><img decoding=\"async\" loading=\"lazy\" width=\"1600\" height=\"900\" data-id=\"2717\"  src=\"https:\/\/union-adm.at\/wp-content\/uploads\/2022\/10\/IMG_6718.jpg\" alt=\"\" class=\"wp-image-2717\" srcset=\"https:\/\/union-adm.at\/wp-content\/uploads\/2022\/10\/IMG_6718.jpg 1600w, https:\/\/union-adm.at\/wp-content\/uploads\/2022\/10\/IMG_6718-300x169.jpg 300w, https:\/\/union-adm.at\/wp-content\/uploads\/2022\/10\/IMG_6718-768x432.jpg 768w, https:\/\/union-adm.at\/wp-content\/uploads\/2022\/10\/IMG_6718-1536x864.jpg 1536w\" sizes=\"(max-width: 1600px) 100vw, 1600px\" \/><figcaption>Einturnen zum Wettkampf<\/figcaption><\/figure>\n\n\n\n<figure class=\"wp-block-image size-large\"><img decoding=\"async\" loading=\"lazy\" width=\"1600\" height=\"900\" data-id=\"2720\"  src=\"https:\/\/union-adm.at\/wp-content\/uploads\/2022\/10\/IMG_6720.jpg\" alt=\"\" class=\"wp-image-2720\" srcset=\"https:\/\/union-adm.at\/wp-content\/uploads\/2022\/10\/IMG_6720.jpg 1600w, https:\/\/union-adm.at\/wp-content\/uploads\/2022\/10\/IMG_6720-300x169.jpg 300w, https:\/\/union-adm.at\/wp-content\/uploads\/2022\/10\/IMG_6720-768x432.jpg 768w, https:\/\/union-adm.at\/wp-content\/uploads\/2022\/10\/IMG_6720-1536x864.jpg 1536w\" sizes=\"(max-width: 1600px) 100vw, 1600px\" \/><figcaption>Reifengruppe<\/figcaption><\/figure>\n\n\n\n<figure class=\"wp-block-image size-large\"><img decoding=\"async\" loading=\"lazy\" width=\"1600\" height=\"900\" data-id=\"2721\"  src=\"https:\/\/union-adm.at\/wp-content\/uploads\/2022\/10\/IMG_6721.jpg\" alt=\"\" class=\"wp-image-2721\" srcset=\"https:\/\/union-adm.at\/wp-content\/uploads\/2022\/10\/IMG_6721.jpg 1600w, https:\/\/union-adm.at\/wp-content\/uploads\/2022\/10\/IMG_6721-300x169.jpg 300w, https:\/\/union-adm.at\/wp-content\/uploads\/2022\/10\/IMG_6721-768x432.jpg 768w, https:\/\/union-adm.at\/wp-content\/uploads\/2022\/10\/IMG_6721-1536x864.jpg 1536w\" sizes=\"(max-width: 1600px) 100vw, 1600px\" \/><figcaption>K\u00fcr ohne Handger\u00e4t<\/figcaption><\/figure>\n\n\n\n<figure class=\"wp-block-image size-large\"><img decoding=\"async\" loading=\"lazy\" width=\"1600\" height=\"900\" data-id=\"2719\"  src=\"https:\/\/union-adm.at\/wp-content\/uploads\/2022\/10\/IMG_6724.jpg\" alt=\"\" class=\"wp-image-2719\" srcset=\"https:\/\/union-adm.at\/wp-content\/uploads\/2022\/10\/IMG_6724.jpg 1600w, https:\/\/union-adm.at\/wp-content\/uploads\/2022\/10\/IMG_6724-300x169.jpg 300w, https:\/\/union-adm.at\/wp-content\/uploads\/2022\/10\/IMG_6724-768x432.jpg 768w, https:\/\/union-adm.at\/wp-content\/uploads\/2022\/10\/IMG_6724-1536x864.jpg 1536w\" sizes=\"(max-width: 1600px) 100vw, 1600px\" \/><figcaption>Reifengruppe<\/figcaption><\/figure>\n\n\n\n<figure class=\"wp-block-image size-large\"><img decoding=\"async\" loading=\"lazy\" width=\"1192\" height=\"1200\" data-id=\"2722\"  src=\"https:\/\/union-adm.at\/wp-content\/uploads\/2022\/10\/IMG_6725.jpg\" alt=\"\" class=\"wp-image-2722\" srcset=\"https:\/\/union-adm.at\/wp-content\/uploads\/2022\/10\/IMG_6725.jpg 1192w, https:\/\/union-adm.at\/wp-content\/uploads\/2022\/10\/IMG_6725-298x300.jpg 298w, https:\/\/union-adm.at\/wp-content\/uploads\/2022\/10\/IMG_6725-150x150.jpg 150w, https:\/\/union-adm.at\/wp-content\/uploads\/2022\/10\/IMG_6725-768x773.jpg 768w\" sizes=\"(max-width: 1192px) 100vw, 1192px\" \/><figcaption>Nach dem Wettkampf<\/figcaption><\/figure>\n<\/figure>\n<div id=\"themify_builder_content-2715\" data-postid=\"2715\" class=\"themify_builder_content themify_builder_content-2715 themify_builder themify_builder_front\">\n\n\t<\/div>\n<!-- \/themify_builder_content -->","protected":false},"excerpt":{"rendered":"<p>Am Wochenende war es soweit: Unsere ADM-Gymnastik-M\u00e4dels machten sich auf nach Hard am Bodensee und fieberten ihrem gro\u00dfen Auftritt entgegen &#8211; den Staatsmeisterschaften im Gruppenbewerb! Die M\u00e4dchen waren aufgeregt aber guter Dinge &#8211; hatte man doch zwei Wochen davor den Landesmeistertitel geholt! Im Zug wurde noch flei\u00dfig trainiert und dann waren auch schon Einturnen und [&hellip;]<\/p>\n","protected":false},"author":10,"featured_media":2716,"comment_status":"open","ping_status":"open","sticky":false,"template":"","format":"standard","meta":[],"categories":[1,5,33],"tags":[],"_links":{"self":[{"href":"https:\/\/union-adm.at\/index.php?rest_route=\/wp\/v2\/posts\/2715"}],"collection":[{"href":"https:\/\/union-adm.at\/index.php?rest_route=\/wp\/v2\/posts"}],"about":[{"href":"https:\/\/union-adm.at\/index.php?rest_route=\/wp\/v2\/types\/post"}],"author":[{"embeddable":true,"href":"https:\/\/union-adm.at\/index.php?rest_route=\/wp\/v2\/users\/10"}],"replies":[{"embeddable":true,"href":"https:\/\/union-adm.at\/index.php?rest_route=%2Fwp%2Fv2%2Fcomments&post=2715"}],"version-history":[{"count":8,"href":"https:\/\/union-adm.at\/index.php?rest_route=\/wp\/v2\/posts\/2715\/revisions"}],"predecessor-version":[{"id":3018,"href":"https:\/\/union-adm.at\/index.php?rest_route=\/wp\/v2\/posts\/2715\/revisions\/3018"}],"wp:featuredmedia":[{"embeddable":true,"href":"https:\/\/union-adm.at\/index.php?rest_route=\/wp\/v2\/media\/2716"}],"wp:attachment":[{"href":"https:\/\/union-adm.at\/index.php?rest_route=%2Fwp%2Fv2%2Fmedia&parent=2715"}],"wp:term":[{"taxonomy":"category","embeddable":true,"href":"https:\/\/union-adm.at\/index.php?rest_route=%2Fwp%2Fv2%2Fcategories&post=2715"},{"taxonomy":"post_tag","embeddable":true,"href":"https:\/\/union-adm.at\/index.php?rest_route=%2Fwp%2Fv2%2Ftags&post=2715"}],"curies":[{"name":"wp","href":"https:\/\/api.w.org\/{rel}","templated":true}]}}