{"id":2738,"date":"2022-10-23T19:11:50","date_gmt":"2022-10-23T17:11:50","guid":{"rendered":"https:\/\/union-adm.at\/?p=2738"},"modified":"2023-03-22T09:18:47","modified_gmt":"2023-03-22T08:18:47","slug":"adm-volleys-nun-an-spitze-der-1-landesliga","status":"publish","type":"post","link":"https:\/\/union-adm.at\/?p=2738","title":{"rendered":"ADM Volleys nun an Spitze der 1. Landesliga!"},"content":{"rendered":"\n<p>Die ADM Volleys haben nach zwei wirklich starken 3:0-Siegen beim ersten Heimspiel der Saison zu Hause in der Mengerschule gegen die Atterseevolleys und gegen St. Valentin die Tabellenf\u00fchrung in der 1. Landesliga \u00fcbernommen. <\/p>\n\n\n\n<p>&#8220;Unser Kader ist heuer erfreulicherweise recht gro\u00df und insgesamt haben wir schon 4 Siege auf unserem Konto&#8221;, zeigt sich Trainerin und Spartenleiterin Karin Pramer stolz.<\/p>\n\n\n\n<p>Die Union ADM dr\u00fcckt weiterhin die Daumen! <\/p>\n\n\n\n<figure class=\"wp-block-image size-large\"><img decoding=\"async\" loading=\"lazy\" width=\"1920\" height=\"1440\" src=\"https:\/\/union-adm.at\/wp-content\/uploads\/2022\/10\/Damen_1LL-1920x1440.jpg\" alt=\"\" class=\"wp-image-2739\" srcset=\"https:\/\/union-adm.at\/wp-content\/uploads\/2022\/10\/Damen_1LL-1920x1440.jpg 1920w, https:\/\/union-adm.at\/wp-content\/uploads\/2022\/10\/Damen_1LL-300x225.jpg 300w, https:\/\/union-adm.at\/wp-content\/uploads\/2022\/10\/Damen_1LL-768x576.jpg 768w, https:\/\/union-adm.at\/wp-content\/uploads\/2022\/10\/Damen_1LL-1536x1152.jpg 1536w, https:\/\/union-adm.at\/wp-content\/uploads\/2022\/10\/Damen_1LL.jpg 2016w\" sizes=\"(max-width: 1920px) 100vw, 1920px\" \/><figcaption>Freude nach dem ersten Heimspiel der Saison in der Mengerschule: Die ADM Volleyball Damen f\u00fchren derzeit die 1. Landesliga an! <\/figcaption><\/figure>\n<div id=\"themify_builder_content-2738\" data-postid=\"2738\" class=\"themify_builder_content themify_builder_content-2738 themify_builder themify_builder_front\">\n\n\t<\/div>\n<!-- \/themify_builder_content -->","protected":false},"excerpt":{"rendered":"<p>Die ADM Volleys haben nach zwei wirklich starken 3:0-Siegen beim ersten Heimspiel der Saison zu Hause in der Mengerschule gegen die Atterseevolleys und gegen St. Valentin die Tabellenf\u00fchrung in der 1. Landesliga \u00fcbernommen. &#8220;Unser Kader ist heuer erfreulicherweise recht gro\u00df und insgesamt haben wir schon 4 Siege auf unserem Konto&#8221;, zeigt sich Trainerin und Spartenleiterin [&hellip;]<\/p>\n","protected":false},"author":10,"featured_media":2739,"comment_status":"open","ping_status":"open","sticky":false,"template":"","format":"standard","meta":[],"categories":[1,5,37],"tags":[],"_links":{"self":[{"href":"https:\/\/union-adm.at\/index.php?rest_route=\/wp\/v2\/posts\/2738"}],"collection":[{"href":"https:\/\/union-adm.at\/index.php?rest_route=\/wp\/v2\/posts"}],"about":[{"href":"https:\/\/union-adm.at\/index.php?rest_route=\/wp\/v2\/types\/post"}],"author":[{"embeddable":true,"href":"https:\/\/union-adm.at\/index.php?rest_route=\/wp\/v2\/users\/10"}],"replies":[{"embeddable":true,"href":"https:\/\/union-adm.at\/index.php?rest_route=%2Fwp%2Fv2%2Fcomments&post=2738"}],"version-history":[{"count":4,"href":"https:\/\/union-adm.at\/index.php?rest_route=\/wp\/v2\/posts\/2738\/revisions"}],"predecessor-version":[{"id":3055,"href":"https:\/\/union-adm.at\/index.php?rest_route=\/wp\/v2\/posts\/2738\/revisions\/3055"}],"wp:featuredmedia":[{"embeddable":true,"href":"https:\/\/union-adm.at\/index.php?rest_route=\/wp\/v2\/media\/2739"}],"wp:attachment":[{"href":"https:\/\/union-adm.at\/index.php?rest_route=%2Fwp%2Fv2%2Fmedia&parent=2738"}],"wp:term":[{"taxonomy":"category","embeddable":true,"href":"https:\/\/union-adm.at\/index.php?rest_route=%2Fwp%2Fv2%2Fcategories&post=2738"},{"taxonomy":"post_tag","embeddable":true,"href":"https:\/\/union-adm.at\/index.php?rest_route=%2Fwp%2Fv2%2Ftags&post=2738"}],"curies":[{"name":"wp","href":"https:\/\/api.w.org\/{rel}","templated":true}]}}