{"id":2744,"date":"2022-11-11T10:59:20","date_gmt":"2022-11-11T09:59:20","guid":{"rendered":"https:\/\/union-adm.at\/?p=2744"},"modified":"2023-03-22T09:17:06","modified_gmt":"2023-03-22T08:17:06","slug":"ujz-adm-judo-rockt-muehlviertler-bezirkscup","status":"publish","type":"post","link":"https:\/\/union-adm.at\/?p=2744","title":{"rendered":"UJZ ADM Auhof &#8220;rockt&#8221; M\u00fchlviertler Judo-Bezirkscup"},"content":{"rendered":"\n<p>Bei der Endrunde des M\u00fchlviertler Bezirkscups am 6. November in Niederwaldkirchen mit 17 Vereinen und 147 Teilnehmer*innen schafften unsere Sportler*innen vom UJZ ADM Auhof tolle Ergebnisse: Bei den Sch\u00fclern U14 sicherte sich Jakob Kickinger souver\u00e4n den 1. Platz. Anna Basch konnte bei den U16 den 2. Platz errreichen, Jakob Hackl und Malik Klingesberger in den Altersklassen U10 und U16 zwei gute 4. Pl\u00e4tze. <\/p>\n\n\n\n<p>&#8220;Nach der Pandemie geht es f\u00fcr uns wieder aufw\u00e4rts. Wir haben super in den Herbstkampf gestartet und Einiges geschafft. Ich freue mich bereits auf den n\u00e4chsten Bezirkscup Anfang n\u00e4chsten Jahres&#8221; so Trainer und Sektionsleiter Sebastian Pils.    <\/p>\n\n\n\n<p>Die Sportunion ADM gratuliert! <\/p>\n\n\n\n<figure class=\"wp-block-image size-full\"><img decoding=\"async\" loading=\"lazy\" width=\"1600\" height=\"1200\" src=\"https:\/\/union-adm.at\/wp-content\/uploads\/2022\/11\/IMG_6801.jpeg\" alt=\"\" class=\"wp-image-2745\" srcset=\"https:\/\/union-adm.at\/wp-content\/uploads\/2022\/11\/IMG_6801.jpeg 1600w, https:\/\/union-adm.at\/wp-content\/uploads\/2022\/11\/IMG_6801-300x225.jpeg 300w, https:\/\/union-adm.at\/wp-content\/uploads\/2022\/11\/IMG_6801-768x576.jpeg 768w, https:\/\/union-adm.at\/wp-content\/uploads\/2022\/11\/IMG_6801-1536x1152.jpeg 1536w\" sizes=\"(max-width: 1600px) 100vw, 1600px\" \/><figcaption><em>UJZ ADM Linz beim M\u00fchlviertler Bezirkscup: Trainer Sebastian Pils, Jakob Kickinger, Malik Klingesberger, Jakob Hackl, Anna Basch und Trainer Daniel Basch. <\/em><\/figcaption><\/figure>\n<div id=\"themify_builder_content-2744\" data-postid=\"2744\" class=\"themify_builder_content themify_builder_content-2744 themify_builder themify_builder_front\">\n\n\t<\/div>\n<!-- \/themify_builder_content -->","protected":false},"excerpt":{"rendered":"<p>Bei der Endrunde des M\u00fchlviertler Bezirkscups am 6. November in Niederwaldkirchen mit 17 Vereinen und 147 Teilnehmer*innen schafften unsere Sportler*innen vom UJZ ADM Auhof tolle Ergebnisse: Bei den Sch\u00fclern U14 sicherte sich Jakob Kickinger souver\u00e4n den 1. Platz. Anna Basch konnte bei den U16 den 2. Platz errreichen, Jakob Hackl und Malik Klingesberger in den [&hellip;]<\/p>\n","protected":false},"author":10,"featured_media":2745,"comment_status":"open","ping_status":"open","sticky":false,"template":"","format":"standard","meta":[],"categories":[1,34,5],"tags":[],"_links":{"self":[{"href":"https:\/\/union-adm.at\/index.php?rest_route=\/wp\/v2\/posts\/2744"}],"collection":[{"href":"https:\/\/union-adm.at\/index.php?rest_route=\/wp\/v2\/posts"}],"about":[{"href":"https:\/\/union-adm.at\/index.php?rest_route=\/wp\/v2\/types\/post"}],"author":[{"embeddable":true,"href":"https:\/\/union-adm.at\/index.php?rest_route=\/wp\/v2\/users\/10"}],"replies":[{"embeddable":true,"href":"https:\/\/union-adm.at\/index.php?rest_route=%2Fwp%2Fv2%2Fcomments&post=2744"}],"version-history":[{"count":6,"href":"https:\/\/union-adm.at\/index.php?rest_route=\/wp\/v2\/posts\/2744\/revisions"}],"predecessor-version":[{"id":3049,"href":"https:\/\/union-adm.at\/index.php?rest_route=\/wp\/v2\/posts\/2744\/revisions\/3049"}],"wp:featuredmedia":[{"embeddable":true,"href":"https:\/\/union-adm.at\/index.php?rest_route=\/wp\/v2\/media\/2745"}],"wp:attachment":[{"href":"https:\/\/union-adm.at\/index.php?rest_route=%2Fwp%2Fv2%2Fmedia&parent=2744"}],"wp:term":[{"taxonomy":"category","embeddable":true,"href":"https:\/\/union-adm.at\/index.php?rest_route=%2Fwp%2Fv2%2Fcategories&post=2744"},{"taxonomy":"post_tag","embeddable":true,"href":"https:\/\/union-adm.at\/index.php?rest_route=%2Fwp%2Fv2%2Ftags&post=2744"}],"curies":[{"name":"wp","href":"https:\/\/api.w.org\/{rel}","templated":true}]}}