{"id":2769,"date":"2022-12-12T13:07:28","date_gmt":"2022-12-12T12:07:28","guid":{"rendered":"https:\/\/union-adm.at\/?p=2769"},"modified":"2023-03-22T09:16:50","modified_gmt":"2023-03-22T08:16:50","slug":"judo-2-dan-fuer-sebastian-pils","status":"publish","type":"post","link":"https:\/\/union-adm.at\/?p=2769","title":{"rendered":"Judo: 2. Dan f\u00fcr Sebastian Pils"},"content":{"rendered":"\n<p>In Summe f\u00fcnf Teilnehmer:innen nahmen an der Danpr\u00fcfung am 3.12.2022 in Linz teil. Sebastian Pils, selbst Sektionsleiter der ADM-Judoka, hat den zweiten Dan bekommen. &#8220;Ich m\u00f6chte mich ganz herzlich bei Anna Basch bedanken, die mich bei der Pr\u00fcfung als Uke unterst\u00fctzt hat, au\u00dferdem bei G\u00fcnter Deschka f\u00fcr die grandiose Vorbereitung! Ansonsten freue ich mich schon auf die n\u00e4chste Pr\u00fcfung in drei Jahren&#8230;&#8221; so Sebastian \u00fcbergl\u00fccklich. <\/p>\n\n\n\n<p>Die Sportunion ADM Linz gratuliert! <\/p>\n\n\n\n<figure class=\"wp-block-gallery has-nested-images columns-default is-cropped wp-block-gallery-1 is-layout-flex\">\n<figure class=\"wp-block-image size-large\"><img decoding=\"async\" loading=\"lazy\" width=\"1200\" height=\"1600\" data-id=\"2774\"  src=\"https:\/\/union-adm.at\/wp-content\/uploads\/2022\/12\/signal-2022-12-08-182848_002-1.jpeg\" alt=\"\" class=\"wp-image-2774\" srcset=\"https:\/\/union-adm.at\/wp-content\/uploads\/2022\/12\/signal-2022-12-08-182848_002-1.jpeg 1200w, https:\/\/union-adm.at\/wp-content\/uploads\/2022\/12\/signal-2022-12-08-182848_002-1-225x300.jpeg 225w, https:\/\/union-adm.at\/wp-content\/uploads\/2022\/12\/signal-2022-12-08-182848_002-1-768x1024.jpeg 768w, https:\/\/union-adm.at\/wp-content\/uploads\/2022\/12\/signal-2022-12-08-182848_002-1-1152x1536.jpeg 1152w\" sizes=\"(max-width: 1200px) 100vw, 1200px\" \/><figcaption>Sebastian und Anna<\/figcaption><\/figure>\n\n\n\n<figure class=\"wp-block-image size-large\"><img decoding=\"async\" loading=\"lazy\" width=\"1280\" height=\"721\" data-id=\"2773\"  src=\"https:\/\/union-adm.at\/wp-content\/uploads\/2022\/12\/signal-2022-12-08-182904_002-1.jpeg\" alt=\"\" class=\"wp-image-2773\" srcset=\"https:\/\/union-adm.at\/wp-content\/uploads\/2022\/12\/signal-2022-12-08-182904_002-1.jpeg 1280w, https:\/\/union-adm.at\/wp-content\/uploads\/2022\/12\/signal-2022-12-08-182904_002-1-300x169.jpeg 300w, https:\/\/union-adm.at\/wp-content\/uploads\/2022\/12\/signal-2022-12-08-182904_002-1-768x433.jpeg 768w\" sizes=\"(max-width: 1280px) 100vw, 1280px\" \/><figcaption>Alle Pr\u00fcflinge inkl. Pr\u00fcfer<\/figcaption><\/figure>\n\n\n\n<figure class=\"wp-block-image size-large\"><img decoding=\"async\" loading=\"lazy\" width=\"1280\" height=\"960\" data-id=\"2775\"  src=\"https:\/\/union-adm.at\/wp-content\/uploads\/2022\/12\/signal-2022-12-08-182913_002-1.jpeg\" alt=\"\" class=\"wp-image-2775\" srcset=\"https:\/\/union-adm.at\/wp-content\/uploads\/2022\/12\/signal-2022-12-08-182913_002-1.jpeg 1280w, https:\/\/union-adm.at\/wp-content\/uploads\/2022\/12\/signal-2022-12-08-182913_002-1-300x225.jpeg 300w, https:\/\/union-adm.at\/wp-content\/uploads\/2022\/12\/signal-2022-12-08-182913_002-1-768x576.jpeg 768w\" sizes=\"(max-width: 1280px) 100vw, 1280px\" \/><figcaption>Teilnehmer der UJZ  mit Sebastian Pils von UJZ ADM Linz<\/figcaption><\/figure>\n<\/figure>\n<div id=\"themify_builder_content-2769\" data-postid=\"2769\" class=\"themify_builder_content themify_builder_content-2769 themify_builder themify_builder_front\">\n\n\t<\/div>\n<!-- \/themify_builder_content -->","protected":false},"excerpt":{"rendered":"<p>In Summe f\u00fcnf Teilnehmer:innen nahmen an der Danpr\u00fcfung am 3.12.2022 in Linz teil. Sebastian Pils, selbst Sektionsleiter der ADM-Judoka, hat den zweiten Dan bekommen. &#8220;Ich m\u00f6chte mich ganz herzlich bei Anna Basch bedanken, die mich bei der Pr\u00fcfung als Uke unterst\u00fctzt hat, au\u00dferdem bei G\u00fcnter Deschka f\u00fcr die grandiose Vorbereitung! Ansonsten freue ich mich schon [&hellip;]<\/p>\n","protected":false},"author":10,"featured_media":2772,"comment_status":"open","ping_status":"open","sticky":false,"template":"","format":"standard","meta":[],"categories":[1,34,5],"tags":[],"_links":{"self":[{"href":"https:\/\/union-adm.at\/index.php?rest_route=\/wp\/v2\/posts\/2769"}],"collection":[{"href":"https:\/\/union-adm.at\/index.php?rest_route=\/wp\/v2\/posts"}],"about":[{"href":"https:\/\/union-adm.at\/index.php?rest_route=\/wp\/v2\/types\/post"}],"author":[{"embeddable":true,"href":"https:\/\/union-adm.at\/index.php?rest_route=\/wp\/v2\/users\/10"}],"replies":[{"embeddable":true,"href":"https:\/\/union-adm.at\/index.php?rest_route=%2Fwp%2Fv2%2Fcomments&post=2769"}],"version-history":[{"count":6,"href":"https:\/\/union-adm.at\/index.php?rest_route=\/wp\/v2\/posts\/2769\/revisions"}],"predecessor-version":[{"id":3047,"href":"https:\/\/union-adm.at\/index.php?rest_route=\/wp\/v2\/posts\/2769\/revisions\/3047"}],"wp:featuredmedia":[{"embeddable":true,"href":"https:\/\/union-adm.at\/index.php?rest_route=\/wp\/v2\/media\/2772"}],"wp:attachment":[{"href":"https:\/\/union-adm.at\/index.php?rest_route=%2Fwp%2Fv2%2Fmedia&parent=2769"}],"wp:term":[{"taxonomy":"category","embeddable":true,"href":"https:\/\/union-adm.at\/index.php?rest_route=%2Fwp%2Fv2%2Fcategories&post=2769"},{"taxonomy":"post_tag","embeddable":true,"href":"https:\/\/union-adm.at\/index.php?rest_route=%2Fwp%2Fv2%2Ftags&post=2769"}],"curies":[{"name":"wp","href":"https:\/\/api.w.org\/{rel}","templated":true}]}}