{"id":2790,"date":"2022-12-14T23:12:27","date_gmt":"2022-12-14T22:12:27","guid":{"rendered":"https:\/\/union-adm.at\/?p=2790"},"modified":"2022-12-14T23:12:29","modified_gmt":"2022-12-14T22:12:29","slug":"ein-danke-an-unsere-jugend","status":"publish","type":"post","link":"https:\/\/union-adm.at\/?p=2790","title":{"rendered":"Ein Danke an unsere Jugend"},"content":{"rendered":"\n<p>Die Sportunion ADM m\u00f6chte ein Danke an unsere Kinder und Jugendlichen richten! ADM Obmann Roman Gassenbauer: &#8220;Wir m\u00f6chten uns vor allem bei unseren Kindern und Jugendlichen f\u00fcr das tolle und erfolgreiche Jahr 2022 bedanken. Mit einer kleinen Aufmerksamkeit &#8211; Sportunion ADM M\u00fctzen und Loops &#8211; m\u00f6chten wir ein Zeichen setzen und die Vorweihnachtszeit versch\u00f6nern. Kinder und Jugendliche sind das Fundament unseres Vereins. Ich darf allen ein gesegnetes Weihnachtsfest w\u00fcnschen und freue mich bereits auf das Jahr 2023!&#8221; <\/p>\n\n\n\n<p>  <\/p>\n\n\n\n<figure class=\"wp-block-gallery has-nested-images columns-default is-cropped wp-block-gallery-1 is-layout-flex\">\n<figure class=\"wp-block-image size-large\"><img decoding=\"async\" loading=\"lazy\" width=\"1440\" height=\"1920\" data-id=\"2791\"  src=\"https:\/\/union-adm.at\/wp-content\/uploads\/2022\/12\/download-1440x1920.jpg\" alt=\"\" class=\"wp-image-2791\" srcset=\"https:\/\/union-adm.at\/wp-content\/uploads\/2022\/12\/download-1440x1920.jpg 1440w, https:\/\/union-adm.at\/wp-content\/uploads\/2022\/12\/download-225x300.jpg 225w, https:\/\/union-adm.at\/wp-content\/uploads\/2022\/12\/download-768x1024.jpg 768w, https:\/\/union-adm.at\/wp-content\/uploads\/2022\/12\/download-1152x1536.jpg 1152w, https:\/\/union-adm.at\/wp-content\/uploads\/2022\/12\/download-rotated.jpg 1512w\" sizes=\"(max-width: 1440px) 100vw, 1440px\" \/><\/figure>\n<\/figure>\n<div id=\"themify_builder_content-2790\" data-postid=\"2790\" class=\"themify_builder_content themify_builder_content-2790 themify_builder themify_builder_front\">\n\n\t<\/div>\n<!-- \/themify_builder_content -->","protected":false},"excerpt":{"rendered":"<p>Die Sportunion ADM m\u00f6chte ein Danke an unsere Kinder und Jugendlichen richten! ADM Obmann Roman Gassenbauer: &#8220;Wir m\u00f6chten uns vor allem bei unseren Kindern und Jugendlichen f\u00fcr das tolle und erfolgreiche Jahr 2022 bedanken. Mit einer kleinen Aufmerksamkeit &#8211; Sportunion ADM M\u00fctzen und Loops &#8211; m\u00f6chten wir ein Zeichen setzen und die Vorweihnachtszeit versch\u00f6nern. Kinder [&hellip;]<\/p>\n","protected":false},"author":10,"featured_media":2791,"comment_status":"open","ping_status":"open","sticky":false,"template":"","format":"standard","meta":[],"categories":[1,5],"tags":[],"_links":{"self":[{"href":"https:\/\/union-adm.at\/index.php?rest_route=\/wp\/v2\/posts\/2790"}],"collection":[{"href":"https:\/\/union-adm.at\/index.php?rest_route=\/wp\/v2\/posts"}],"about":[{"href":"https:\/\/union-adm.at\/index.php?rest_route=\/wp\/v2\/types\/post"}],"author":[{"embeddable":true,"href":"https:\/\/union-adm.at\/index.php?rest_route=\/wp\/v2\/users\/10"}],"replies":[{"embeddable":true,"href":"https:\/\/union-adm.at\/index.php?rest_route=%2Fwp%2Fv2%2Fcomments&post=2790"}],"version-history":[{"count":2,"href":"https:\/\/union-adm.at\/index.php?rest_route=\/wp\/v2\/posts\/2790\/revisions"}],"predecessor-version":[{"id":2793,"href":"https:\/\/union-adm.at\/index.php?rest_route=\/wp\/v2\/posts\/2790\/revisions\/2793"}],"wp:featuredmedia":[{"embeddable":true,"href":"https:\/\/union-adm.at\/index.php?rest_route=\/wp\/v2\/media\/2791"}],"wp:attachment":[{"href":"https:\/\/union-adm.at\/index.php?rest_route=%2Fwp%2Fv2%2Fmedia&parent=2790"}],"wp:term":[{"taxonomy":"category","embeddable":true,"href":"https:\/\/union-adm.at\/index.php?rest_route=%2Fwp%2Fv2%2Fcategories&post=2790"},{"taxonomy":"post_tag","embeddable":true,"href":"https:\/\/union-adm.at\/index.php?rest_route=%2Fwp%2Fv2%2Ftags&post=2790"}],"curies":[{"name":"wp","href":"https:\/\/api.w.org\/{rel}","templated":true}]}}