{"id":3080,"date":"2023-03-26T09:48:00","date_gmt":"2023-03-26T07:48:00","guid":{"rendered":"https:\/\/union-adm.at\/?p=3080"},"modified":"2023-03-29T10:02:22","modified_gmt":"2023-03-29T08:02:22","slug":"top-resultat-adm-volleyball-damen-holen-sich-bronze-in-der-1-landesliga","status":"publish","type":"post","link":"https:\/\/union-adm.at\/?p=3080","title":{"rendered":"Top-Resultat: ADM Volleyball Damen holen sich Bronze in der 1. Landesliga"},"content":{"rendered":"\n<p>Am Samstag, den 25.3.2023 fand die letzte Runde der 1. Landesliga im Volleyball statt und unsere Damenmannschaft der Union ADM Linz wurde erfreuliche Dritte! <\/p>\n\n\n\n<p>Diese Medaille z\u00e4hlt umso mehr, als die Union ADM niemand auf dem Schirm hatte &#8211; kamen doch mit ASK\u00d6 Pregarten und Supervolleys Wels der Tabellenf\u00fchrer und der Dritte zur letzten Runde nach Grieskirchen um sich den Landesmeistertitel gegen Titelverteidiger UVB Grieskirchen im Hallen-Volleyball auszuspielen. <br>&#8220;Wir haben nur 4 Spiele verloren und gegen jedes Team gewonnen, auch gegen die Landesmeister aus Grieskirchen,&#8221; fasste Trainerin und Sektionsleiterin Karin Pramer die Saison zusammen. &#8220;Das hat wohl den Ausschlag gegeben, dass es letztlich zur Bronze-Medaille gereicht hat und wir die Supervolleys Wels auf Platz 4 verweisen konnten.&#8221; <\/p>\n\n\n\n<p>Die Sportunion ADM Linz gratuliert sehr herzlich! <\/p>\n\n\n\n<figure class=\"wp-block-image size-full\"><img decoding=\"async\" loading=\"lazy\" width=\"1554\" height=\"1168\" src=\"https:\/\/union-adm.at\/wp-content\/uploads\/2023\/03\/Union-ADM-Damen-1.jpg\" alt=\"\" class=\"wp-image-3081\" srcset=\"https:\/\/union-adm.at\/wp-content\/uploads\/2023\/03\/Union-ADM-Damen-1.jpg 1554w, https:\/\/union-adm.at\/wp-content\/uploads\/2023\/03\/Union-ADM-Damen-1-300x225.jpg 300w, https:\/\/union-adm.at\/wp-content\/uploads\/2023\/03\/Union-ADM-Damen-1-768x577.jpg 768w, https:\/\/union-adm.at\/wp-content\/uploads\/2023\/03\/Union-ADM-Damen-1-1536x1154.jpg 1536w\" sizes=\"(max-width: 1554px) 100vw, 1554px\" \/><figcaption>Die Union ADM Linz Volleyball Damen nach der Endrunde: gro\u00dfe Freude \u00fcber Platz 3! <\/figcaption><\/figure>\n\n\n\n<p> <\/p>\n<div id=\"themify_builder_content-3080\" data-postid=\"3080\" class=\"themify_builder_content themify_builder_content-3080 themify_builder themify_builder_front\">\n\n\t<\/div>\n<!-- \/themify_builder_content -->","protected":false},"excerpt":{"rendered":"<p>Am Samstag, den 25.3.2023 fand die letzte Runde der 1. Landesliga im Volleyball statt und unsere Damenmannschaft der Union ADM Linz wurde erfreuliche Dritte! Diese Medaille z\u00e4hlt umso mehr, als die Union ADM niemand auf dem Schirm hatte &#8211; kamen doch mit ASK\u00d6 Pregarten und Supervolleys Wels der Tabellenf\u00fchrer und der Dritte zur letzten Runde [&hellip;]<\/p>\n","protected":false},"author":10,"featured_media":3081,"comment_status":"open","ping_status":"open","sticky":false,"template":"","format":"standard","meta":[],"categories":[1,5,37],"tags":[],"_links":{"self":[{"href":"https:\/\/union-adm.at\/index.php?rest_route=\/wp\/v2\/posts\/3080"}],"collection":[{"href":"https:\/\/union-adm.at\/index.php?rest_route=\/wp\/v2\/posts"}],"about":[{"href":"https:\/\/union-adm.at\/index.php?rest_route=\/wp\/v2\/types\/post"}],"author":[{"embeddable":true,"href":"https:\/\/union-adm.at\/index.php?rest_route=\/wp\/v2\/users\/10"}],"replies":[{"embeddable":true,"href":"https:\/\/union-adm.at\/index.php?rest_route=%2Fwp%2Fv2%2Fcomments&post=3080"}],"version-history":[{"count":2,"href":"https:\/\/union-adm.at\/index.php?rest_route=\/wp\/v2\/posts\/3080\/revisions"}],"predecessor-version":[{"id":3083,"href":"https:\/\/union-adm.at\/index.php?rest_route=\/wp\/v2\/posts\/3080\/revisions\/3083"}],"wp:featuredmedia":[{"embeddable":true,"href":"https:\/\/union-adm.at\/index.php?rest_route=\/wp\/v2\/media\/3081"}],"wp:attachment":[{"href":"https:\/\/union-adm.at\/index.php?rest_route=%2Fwp%2Fv2%2Fmedia&parent=3080"}],"wp:term":[{"taxonomy":"category","embeddable":true,"href":"https:\/\/union-adm.at\/index.php?rest_route=%2Fwp%2Fv2%2Fcategories&post=3080"},{"taxonomy":"post_tag","embeddable":true,"href":"https:\/\/union-adm.at\/index.php?rest_route=%2Fwp%2Fv2%2Ftags&post=3080"}],"curies":[{"name":"wp","href":"https:\/\/api.w.org\/{rel}","templated":true}]}}