{"id":3408,"date":"2023-07-28T11:28:03","date_gmt":"2023-07-28T09:28:03","guid":{"rendered":"https:\/\/union-adm.at\/?p=3408"},"modified":"2023-07-28T11:29:57","modified_gmt":"2023-07-28T09:29:57","slug":"angelika-niedetzky-beim-festakt-50-jahre-sportunion-adm-linz","status":"publish","type":"post","link":"https:\/\/union-adm.at\/?p=3408","title":{"rendered":"Angelika Niedetzky beim Festakt 50 Jahre Sportunion ADM Linz"},"content":{"rendered":"\n<p>Die Sportunion ADM Linz feiert am 22. September 2023 ihr 50-j\u00e4hriges Jubil\u00e4um. 1973 gegr\u00fcndet z\u00e4hlt die Sportunion ADM Linz seit nunmehr f\u00fcnf Jahrzehnten zu den aktivsten Vereinen der Union-Familie und <strong>anl\u00e4sslich dieses runden Geburtstags m\u00f6chten wir feiern!<\/strong><\/p>\n\n\n\n<p><strong>Wann?<\/strong>&nbsp;Freitag, 22.9.2023, 18:00 Uhr<br><strong>Wo?<\/strong>&nbsp;Julius-Raab-Heim, Julius-Raab-Stra\u00dfe 10, 4040 Linz<\/p>\n\n\n\n<p>Wir sind dabei, ein abwechslungsreiches und interessantes Programm zusammen zu stellen \u2013 neben den <strong>Top-Sportler*innen<\/strong> und <strong>W\u00fcrdentr\u00e4ger*innen<\/strong> des Vereins d\u00fcrfen wir <strong>Kabarettistin Angelika Niedetzky<\/strong> zu den Programm-Highlights z\u00e4hlen.<\/p>\n\n\n\n<p>Wir bitten um Anmeldung bis sp\u00e4testens 15.9.2023 unter <a href=\"m&#97;&#x69;&#x6c;t&#111;&#x3a;&#x65;v&#101;&#110;&#x74;&#x40;u&#110;&#x69;&#x6f;n&#45;&#x61;&#x64;m&#46;&#97;&#x74;\">&#101;&#x76;e&#110;&#x74;&#64;&#x75;&#x6e;&#105;&#x6f;n&#45;&#x61;d&#109;&#x2e;&#97;&#x74;<\/a> und freuen uns auf euer Kommen!<\/p>\n\n\n\n<figure class=\"wp-block-image size-large\"><img decoding=\"async\" loading=\"lazy\" width=\"1920\" height=\"1280\" src=\"https:\/\/union-adm.at\/wp-content\/uploads\/2023\/07\/angelika11058-1920x1280.jpg\" alt=\"\" class=\"wp-image-3409\" srcset=\"https:\/\/union-adm.at\/wp-content\/uploads\/2023\/07\/angelika11058-1920x1280.jpg 1920w, https:\/\/union-adm.at\/wp-content\/uploads\/2023\/07\/angelika11058-300x200.jpg 300w, https:\/\/union-adm.at\/wp-content\/uploads\/2023\/07\/angelika11058-768x512.jpg 768w, https:\/\/union-adm.at\/wp-content\/uploads\/2023\/07\/angelika11058-1536x1024.jpg 1536w, https:\/\/union-adm.at\/wp-content\/uploads\/2023\/07\/angelika11058.jpg 2048w\" sizes=\"(max-width: 1920px) 100vw, 1920px\" \/><\/figure>\n\n\n\n<p><em>Angelika Niedetzky beim Festakt am 22.9.<\/em><\/p>\n<div id=\"themify_builder_content-3408\" data-postid=\"3408\" class=\"themify_builder_content themify_builder_content-3408 themify_builder themify_builder_front\">\n\n\t<\/div>\n<!-- \/themify_builder_content -->","protected":false},"excerpt":{"rendered":"<p>Die Sportunion ADM Linz feiert am 22. September 2023 ihr 50-j\u00e4hriges Jubil\u00e4um. 1973 gegr\u00fcndet z\u00e4hlt die Sportunion ADM Linz seit nunmehr f\u00fcnf Jahrzehnten zu den aktivsten Vereinen der Union-Familie und anl\u00e4sslich dieses runden Geburtstags m\u00f6chten wir feiern! Wann?&nbsp;Freitag, 22.9.2023, 18:00 UhrWo?&nbsp;Julius-Raab-Heim, Julius-Raab-Stra\u00dfe 10, 4040 Linz Wir sind dabei, ein abwechslungsreiches und interessantes Programm zusammen zu [&hellip;]<\/p>\n","protected":false},"author":10,"featured_media":3409,"comment_status":"open","ping_status":"open","sticky":false,"template":"","format":"standard","meta":[],"categories":[1,5],"tags":[],"_links":{"self":[{"href":"https:\/\/union-adm.at\/index.php?rest_route=\/wp\/v2\/posts\/3408"}],"collection":[{"href":"https:\/\/union-adm.at\/index.php?rest_route=\/wp\/v2\/posts"}],"about":[{"href":"https:\/\/union-adm.at\/index.php?rest_route=\/wp\/v2\/types\/post"}],"author":[{"embeddable":true,"href":"https:\/\/union-adm.at\/index.php?rest_route=\/wp\/v2\/users\/10"}],"replies":[{"embeddable":true,"href":"https:\/\/union-adm.at\/index.php?rest_route=%2Fwp%2Fv2%2Fcomments&post=3408"}],"version-history":[{"count":4,"href":"https:\/\/union-adm.at\/index.php?rest_route=\/wp\/v2\/posts\/3408\/revisions"}],"predecessor-version":[{"id":3413,"href":"https:\/\/union-adm.at\/index.php?rest_route=\/wp\/v2\/posts\/3408\/revisions\/3413"}],"wp:featuredmedia":[{"embeddable":true,"href":"https:\/\/union-adm.at\/index.php?rest_route=\/wp\/v2\/media\/3409"}],"wp:attachment":[{"href":"https:\/\/union-adm.at\/index.php?rest_route=%2Fwp%2Fv2%2Fmedia&parent=3408"}],"wp:term":[{"taxonomy":"category","embeddable":true,"href":"https:\/\/union-adm.at\/index.php?rest_route=%2Fwp%2Fv2%2Fcategories&post=3408"},{"taxonomy":"post_tag","embeddable":true,"href":"https:\/\/union-adm.at\/index.php?rest_route=%2Fwp%2Fv2%2Ftags&post=3408"}],"curies":[{"name":"wp","href":"https:\/\/api.w.org\/{rel}","templated":true}]}}