{"id":3505,"date":"2023-08-23T14:31:25","date_gmt":"2023-08-23T12:31:25","guid":{"rendered":"https:\/\/union-adm.at\/?p=3505"},"modified":"2023-08-23T14:33:01","modified_gmt":"2023-08-23T12:33:01","slug":"45-jahre-sektion-tischtennis-ein-rueckblick","status":"publish","type":"post","link":"https:\/\/union-adm.at\/?p=3505","title":{"rendered":"45 Jahre Sektion Tischtennis: ein R\u00fcckblick"},"content":{"rendered":"\n<p>Bald feiert die Union ADM Linz 50-j\u00e4hriges Bestehen. Die Sektion Tischtennis war eine der ersten Sektionen und wurde bereits 1978 gegr\u00fcndet. Die Geschichte der Sektion, von den Anf\u00e4ngen bis heute, wurde nun zusammengefasst: viel Spa\u00df beim Lesen! <a rel=\"noreferrer noopener\" href=\"https:\/\/union-adm.at\/?page_id=3436\" target=\"_blank\">https:\/\/union-adm.at\/?page_id=3436<\/a><\/p>\n\n\n\n<figure class=\"wp-block-gallery has-nested-images columns-default is-cropped wp-block-gallery-1 is-layout-flex\">\n<figure class=\"wp-block-image size-large\"><img decoding=\"async\" loading=\"lazy\" width=\"653\" height=\"429\" data-id=\"3479\"  src=\"https:\/\/union-adm.at\/wp-content\/uploads\/2023\/08\/Tischtennismannschaft-1989-1.png\" alt=\"\" class=\"wp-image-3479\" srcset=\"https:\/\/union-adm.at\/wp-content\/uploads\/2023\/08\/Tischtennismannschaft-1989-1.png 653w, https:\/\/union-adm.at\/wp-content\/uploads\/2023\/08\/Tischtennismannschaft-1989-1-300x197.png 300w\" sizes=\"(max-width: 653px) 100vw, 653px\" \/><\/figure>\n\n\n\n<figure class=\"wp-block-image size-large\"><img decoding=\"async\" loading=\"lazy\" width=\"544\" height=\"364\" data-id=\"3449\"  src=\"https:\/\/union-adm.at\/wp-content\/uploads\/2023\/08\/Tischtennismannschaft-2002.png\" alt=\"\" class=\"wp-image-3449\" srcset=\"https:\/\/union-adm.at\/wp-content\/uploads\/2023\/08\/Tischtennismannschaft-2002.png 544w, https:\/\/union-adm.at\/wp-content\/uploads\/2023\/08\/Tischtennismannschaft-2002-300x201.png 300w\" sizes=\"(max-width: 544px) 100vw, 544px\" \/><\/figure>\n\n\n\n<figure class=\"wp-block-image size-large\"><img decoding=\"async\" loading=\"lazy\" width=\"643\" height=\"448\" data-id=\"3445\"  src=\"https:\/\/union-adm.at\/wp-content\/uploads\/2023\/08\/1997-Ehrung-verdienter-Funktionaere-und-Aktiver-durch-TT-OOe-Praes.-Friedinger.png\" alt=\"\" class=\"wp-image-3445\" srcset=\"https:\/\/union-adm.at\/wp-content\/uploads\/2023\/08\/1997-Ehrung-verdienter-Funktionaere-und-Aktiver-durch-TT-OOe-Praes.-Friedinger.png 643w, https:\/\/union-adm.at\/wp-content\/uploads\/2023\/08\/1997-Ehrung-verdienter-Funktionaere-und-Aktiver-durch-TT-OOe-Praes.-Friedinger-300x209.png 300w\" sizes=\"(max-width: 643px) 100vw, 643px\" \/><\/figure>\n\n\n\n<figure class=\"wp-block-image size-large\"><img decoding=\"async\" loading=\"lazy\" width=\"698\" height=\"407\" data-id=\"3444\"  src=\"https:\/\/union-adm.at\/wp-content\/uploads\/2023\/08\/Mag.-Schoefecker-mit-Fuerlinger-in-der-Box.png\" alt=\"\" class=\"wp-image-3444\" srcset=\"https:\/\/union-adm.at\/wp-content\/uploads\/2023\/08\/Mag.-Schoefecker-mit-Fuerlinger-in-der-Box.png 698w, https:\/\/union-adm.at\/wp-content\/uploads\/2023\/08\/Mag.-Schoefecker-mit-Fuerlinger-in-der-Box-300x175.png 300w\" sizes=\"(max-width: 698px) 100vw, 698px\" \/><\/figure>\n\n\n\n<figure class=\"wp-block-image size-large\"><img decoding=\"async\" loading=\"lazy\" width=\"633\" height=\"391\" data-id=\"3439\"  src=\"https:\/\/union-adm.at\/wp-content\/uploads\/2023\/08\/Vereinsmeisterschaft-1989-Gerhard-Ziegler-mit-Ernst-und-Thomas-Fuerlinger.png\" alt=\"\" class=\"wp-image-3439\" srcset=\"https:\/\/union-adm.at\/wp-content\/uploads\/2023\/08\/Vereinsmeisterschaft-1989-Gerhard-Ziegler-mit-Ernst-und-Thomas-Fuerlinger.png 633w, https:\/\/union-adm.at\/wp-content\/uploads\/2023\/08\/Vereinsmeisterschaft-1989-Gerhard-Ziegler-mit-Ernst-und-Thomas-Fuerlinger-300x185.png 300w\" sizes=\"(max-width: 633px) 100vw, 633px\" \/><\/figure>\n\n\n\n<figure class=\"wp-block-image size-large\"><img decoding=\"async\" loading=\"lazy\" width=\"629\" height=\"449\" data-id=\"3438\"  src=\"https:\/\/union-adm.at\/wp-content\/uploads\/2023\/08\/Trainings-und-Meisterschaftsspiele-in-der-Raab-Heim-Halle.png\" alt=\"\" class=\"wp-image-3438\" srcset=\"https:\/\/union-adm.at\/wp-content\/uploads\/2023\/08\/Trainings-und-Meisterschaftsspiele-in-der-Raab-Heim-Halle.png 629w, https:\/\/union-adm.at\/wp-content\/uploads\/2023\/08\/Trainings-und-Meisterschaftsspiele-in-der-Raab-Heim-Halle-300x214.png 300w\" sizes=\"(max-width: 629px) 100vw, 629px\" \/><\/figure>\n\n\n\n<figure class=\"wp-block-image size-large\"><img decoding=\"async\" loading=\"lazy\" width=\"659\" height=\"443\" data-id=\"3437\"  src=\"https:\/\/union-adm.at\/wp-content\/uploads\/2023\/08\/SL-Dr.-Kossak-ehrt-Vereinsmeister-Richard-Hanke.png\" alt=\"\" class=\"wp-image-3437\" srcset=\"https:\/\/union-adm.at\/wp-content\/uploads\/2023\/08\/SL-Dr.-Kossak-ehrt-Vereinsmeister-Richard-Hanke.png 659w, https:\/\/union-adm.at\/wp-content\/uploads\/2023\/08\/SL-Dr.-Kossak-ehrt-Vereinsmeister-Richard-Hanke-300x202.png 300w\" sizes=\"(max-width: 659px) 100vw, 659px\" \/><\/figure>\n<\/figure>\n\n\n\n<p> <\/p>\n<div id=\"themify_builder_content-3505\" data-postid=\"3505\" class=\"themify_builder_content themify_builder_content-3505 themify_builder themify_builder_front\">\n\n\t<\/div>\n<!-- \/themify_builder_content -->","protected":false},"excerpt":{"rendered":"<p>Bald feiert die Union ADM Linz 50-j\u00e4hriges Bestehen. Die Sektion Tischtennis war eine der ersten Sektionen und wurde bereits 1978 gegr\u00fcndet. Die Geschichte der Sektion, von den Anf\u00e4ngen bis heute, wurde nun zusammengefasst: viel Spa\u00df beim Lesen! https:\/\/union-adm.at\/?page_id=3436<\/p>\n","protected":false},"author":10,"featured_media":3479,"comment_status":"open","ping_status":"open","sticky":false,"template":"","format":"standard","meta":[],"categories":[1,5,41],"tags":[],"_links":{"self":[{"href":"https:\/\/union-adm.at\/index.php?rest_route=\/wp\/v2\/posts\/3505"}],"collection":[{"href":"https:\/\/union-adm.at\/index.php?rest_route=\/wp\/v2\/posts"}],"about":[{"href":"https:\/\/union-adm.at\/index.php?rest_route=\/wp\/v2\/types\/post"}],"author":[{"embeddable":true,"href":"https:\/\/union-adm.at\/index.php?rest_route=\/wp\/v2\/users\/10"}],"replies":[{"embeddable":true,"href":"https:\/\/union-adm.at\/index.php?rest_route=%2Fwp%2Fv2%2Fcomments&post=3505"}],"version-history":[{"count":4,"href":"https:\/\/union-adm.at\/index.php?rest_route=\/wp\/v2\/posts\/3505\/revisions"}],"predecessor-version":[{"id":3510,"href":"https:\/\/union-adm.at\/index.php?rest_route=\/wp\/v2\/posts\/3505\/revisions\/3510"}],"wp:featuredmedia":[{"embeddable":true,"href":"https:\/\/union-adm.at\/index.php?rest_route=\/wp\/v2\/media\/3479"}],"wp:attachment":[{"href":"https:\/\/union-adm.at\/index.php?rest_route=%2Fwp%2Fv2%2Fmedia&parent=3505"}],"wp:term":[{"taxonomy":"category","embeddable":true,"href":"https:\/\/union-adm.at\/index.php?rest_route=%2Fwp%2Fv2%2Fcategories&post=3505"},{"taxonomy":"post_tag","embeddable":true,"href":"https:\/\/union-adm.at\/index.php?rest_route=%2Fwp%2Fv2%2Ftags&post=3505"}],"curies":[{"name":"wp","href":"https:\/\/api.w.org\/{rel}","templated":true}]}}