{"id":4045,"date":"2023-10-15T11:18:20","date_gmt":"2023-10-15T09:18:20","guid":{"rendered":"https:\/\/union-adm.at\/?p=4045"},"modified":"2023-11-02T11:27:53","modified_gmt":"2023-11-02T10:27:53","slug":"bronze-medaille-beim-sissi-cup","status":"publish","type":"post","link":"https:\/\/union-adm.at\/?p=4045","title":{"rendered":"Bronze-Medaille beim Sissi Cup"},"content":{"rendered":"\n<p>Der &#8220;internationale Sissi Cup&#8221; Salzburg wurde am 14.10. mittlerweile zum 7. Mal veranstaltet, erstmals erstreckte sich der Wettkampf \u00fcber 2 Tage um dem gro\u00dfen Interesse der Sportlerinnen entgegen zu kommen. Es wurden \u00fcber 400 Starterinnen aus 13 L\u00e4ndern in Salzburg begr\u00fc\u00dft, die sich im Einzel und im Gruppenbewerb ma\u00dfen.<\/p>\n\n\n\n<p>Einen besonderen Erfolg feierte die Ballgruppe der Union ADM Linz mit Alma und Martha Burg, Luna Beham, Anna Lena Denk, Zara Carner &#8211; sie konnten den ausgezeichneten 3. Platz erreichen! Die Ballgruppe Jugend A mit Fleischanderl Emma, Hofmann-Gt\u00f6ttner Madeleine, Lettner Caroline, R\u00f6bl Ines und Ibragimova Mislina erreichte Platz 7.  <\/p>\n\n\n\n<p>Die Union ADM gratuliert! <\/p>\n\n\n\n<figure class=\"wp-block-image size-full\"><img decoding=\"async\" loading=\"lazy\" width=\"1080\" height=\"1600\" src=\"https:\/\/union-adm.at\/wp-content\/uploads\/2023\/11\/signal-2023-10-21-185522_002.jpeg\" alt=\"\" class=\"wp-image-4046\" srcset=\"https:\/\/union-adm.at\/wp-content\/uploads\/2023\/11\/signal-2023-10-21-185522_002.jpeg 1080w, https:\/\/union-adm.at\/wp-content\/uploads\/2023\/11\/signal-2023-10-21-185522_002-203x300.jpeg 203w, https:\/\/union-adm.at\/wp-content\/uploads\/2023\/11\/signal-2023-10-21-185522_002-768x1138.jpeg 768w, https:\/\/union-adm.at\/wp-content\/uploads\/2023\/11\/signal-2023-10-21-185522_002-1037x1536.jpeg 1037w\" sizes=\"(max-width: 1080px) 100vw, 1080px\" \/><\/figure>\n\n\n\n<figure class=\"wp-block-image size-full\"><img decoding=\"async\" loading=\"lazy\" width=\"1600\" height=\"1067\" src=\"https:\/\/union-adm.at\/wp-content\/uploads\/2023\/11\/signal-2023-10-21-185522_003.jpeg\" alt=\"\" class=\"wp-image-4047\" srcset=\"https:\/\/union-adm.at\/wp-content\/uploads\/2023\/11\/signal-2023-10-21-185522_003.jpeg 1600w, https:\/\/union-adm.at\/wp-content\/uploads\/2023\/11\/signal-2023-10-21-185522_003-300x200.jpeg 300w, https:\/\/union-adm.at\/wp-content\/uploads\/2023\/11\/signal-2023-10-21-185522_003-768x512.jpeg 768w, https:\/\/union-adm.at\/wp-content\/uploads\/2023\/11\/signal-2023-10-21-185522_003-1536x1024.jpeg 1536w\" sizes=\"(max-width: 1600px) 100vw, 1600px\" \/><\/figure>\n<div id=\"themify_builder_content-4045\" data-postid=\"4045\" class=\"themify_builder_content themify_builder_content-4045 themify_builder themify_builder_front\">\n\n\t<\/div>\n<!-- \/themify_builder_content -->","protected":false},"excerpt":{"rendered":"<p>Der &#8220;internationale Sissi Cup&#8221; Salzburg wurde am 14.10. mittlerweile zum 7. Mal veranstaltet, erstmals erstreckte sich der Wettkampf \u00fcber 2 Tage um dem gro\u00dfen Interesse der Sportlerinnen entgegen zu kommen. Es wurden \u00fcber 400 Starterinnen aus 13 L\u00e4ndern in Salzburg begr\u00fc\u00dft, die sich im Einzel und im Gruppenbewerb ma\u00dfen. Einen besonderen Erfolg feierte die Ballgruppe [&hellip;]<\/p>\n","protected":false},"author":10,"featured_media":4047,"comment_status":"open","ping_status":"open","sticky":false,"template":"","format":"standard","meta":[],"categories":[1,5,33],"tags":[],"_links":{"self":[{"href":"https:\/\/union-adm.at\/index.php?rest_route=\/wp\/v2\/posts\/4045"}],"collection":[{"href":"https:\/\/union-adm.at\/index.php?rest_route=\/wp\/v2\/posts"}],"about":[{"href":"https:\/\/union-adm.at\/index.php?rest_route=\/wp\/v2\/types\/post"}],"author":[{"embeddable":true,"href":"https:\/\/union-adm.at\/index.php?rest_route=\/wp\/v2\/users\/10"}],"replies":[{"embeddable":true,"href":"https:\/\/union-adm.at\/index.php?rest_route=%2Fwp%2Fv2%2Fcomments&post=4045"}],"version-history":[{"count":2,"href":"https:\/\/union-adm.at\/index.php?rest_route=\/wp\/v2\/posts\/4045\/revisions"}],"predecessor-version":[{"id":4049,"href":"https:\/\/union-adm.at\/index.php?rest_route=\/wp\/v2\/posts\/4045\/revisions\/4049"}],"wp:featuredmedia":[{"embeddable":true,"href":"https:\/\/union-adm.at\/index.php?rest_route=\/wp\/v2\/media\/4047"}],"wp:attachment":[{"href":"https:\/\/union-adm.at\/index.php?rest_route=%2Fwp%2Fv2%2Fmedia&parent=4045"}],"wp:term":[{"taxonomy":"category","embeddable":true,"href":"https:\/\/union-adm.at\/index.php?rest_route=%2Fwp%2Fv2%2Fcategories&post=4045"},{"taxonomy":"post_tag","embeddable":true,"href":"https:\/\/union-adm.at\/index.php?rest_route=%2Fwp%2Fv2%2Ftags&post=4045"}],"curies":[{"name":"wp","href":"https:\/\/api.w.org\/{rel}","templated":true}]}}