{"id":4051,"date":"2023-11-12T18:12:48","date_gmt":"2023-11-12T17:12:48","guid":{"rendered":"https:\/\/union-adm.at\/?p=4051"},"modified":"2023-11-12T18:12:51","modified_gmt":"2023-11-12T17:12:51","slug":"gruppen-saisonfinale-mit-zwei-silbernen","status":"publish","type":"post","link":"https:\/\/union-adm.at\/?p=4051","title":{"rendered":"Gruppen-Saisonfinale mit zwei Silbernen"},"content":{"rendered":"\n<p>Bei der Sportunion Bundesmeisterschaft am 11.11.2023 in Salzburg gelang unseren Gymnastinnen mit zwei Silbermedaillen und einem 4. Platz ein toller Abschluss der Gruppenwettk\u00e4mpfe.<\/p>\n\n\n\n<p>In der Eliteklasse erturnten Iris Voitleitner, Stella Bernau, Katharina Lettner, Caronline Lettner, Mira K\u00f6hler und Sophia Herler mit den Reifen den zweiten Platz hinter TGUS Salzburg. \u201eBesonders stolz macht mich die Leistung, weil Caro, die eigentlich in der Jugend A Ballgruppe war, kurzfristig in der Elite eingesprungen ist. Sie hat in nur zwei Wochen die \u00dcbung perfekt gelernt. Das zeigt, auf welch hohem Level auch die Nachwuchstalente im Verein bereits sind\u201c, erkl\u00e4rt Brigitte Philippi, Sektionsleiterin Rhythmische Gymnastik bei ADM Linz.<\/p>\n\n\n\n<p>Unsere j\u00fcngsten Teilnehmerinnen in der Jugend B waren mit einer wundersch\u00f6nen \u00dcbung ohne Handger\u00e4t am Start. Die Gruppe mit Lena W\u00f6dlinger, Angely Tolentino, Lea Sophie Stadlbauer, Amina Kurijeva, Greta Contemi und Johanna R\u00f6bl durfte sich ebenfalls \u00fcber Silber freuen.<\/p>\n\n\n\n<p>Auch in der Ballgruppe der Jugend A gab es mit Alma und Martha Burg, Anna Lena Denk, Madeleine Hofmann-Gst\u00f6ttner, Ines R\u00f6bl sowie Luna Beham eine neue Zusammenstellung. Den M\u00e4dchen ist es in den knapp zwei Wochen seit der Staatsmeisterschaft gelungen, sich aufeinander einzustellen und ihre K\u00fcr auf den Teppich zu zaubern.<\/p>\n\n\n\n<p>Ein herzliches Dankesch\u00f6n an das Trainerteam Doberenz und alle Gymnastinnen f\u00fcr die vielen Trainingsstunden, die ihr seit Juni in die \u00dcbungen gesteckt habt.<\/p>\n\n\n\n<p>Die Union ADM gratuliert zur absolvierten Wettkampfsaison und w\u00fcnscht viel Erfolg bei den kommenden Einzelwettk\u00e4mpfen!<\/p>\n\n\n\n<figure class=\"wp-block-gallery has-nested-images columns-default is-cropped wp-block-gallery-1 is-layout-flex\">\n<figure class=\"wp-block-image size-large\"><img decoding=\"async\" loading=\"lazy\" width=\"863\" height=\"1340\" data-id=\"4053\"  src=\"https:\/\/union-adm.at\/wp-content\/uploads\/2023\/11\/20231111_102505.jpg\" alt=\"\" class=\"wp-image-4053\" srcset=\"https:\/\/union-adm.at\/wp-content\/uploads\/2023\/11\/20231111_102505.jpg 863w, https:\/\/union-adm.at\/wp-content\/uploads\/2023\/11\/20231111_102505-193x300.jpg 193w, https:\/\/union-adm.at\/wp-content\/uploads\/2023\/11\/20231111_102505-768x1192.jpg 768w\" sizes=\"(max-width: 863px) 100vw, 863px\" \/><figcaption class=\"wp-element-caption\">Die Gruppe ohne Handger\u00e4t.<\/figcaption><\/figure>\n\n\n\n<figure class=\"wp-block-image size-large\"><img decoding=\"async\" loading=\"lazy\" width=\"1080\" height=\"1920\" data-id=\"4055\"  src=\"https:\/\/union-adm.at\/wp-content\/uploads\/2023\/11\/20231111_151507-1080x1920.jpg\" alt=\"\" class=\"wp-image-4055\" srcset=\"https:\/\/union-adm.at\/wp-content\/uploads\/2023\/11\/20231111_151507-1080x1920.jpg 1080w, https:\/\/union-adm.at\/wp-content\/uploads\/2023\/11\/20231111_151507-169x300.jpg 169w, https:\/\/union-adm.at\/wp-content\/uploads\/2023\/11\/20231111_151507-768x1365.jpg 768w, https:\/\/union-adm.at\/wp-content\/uploads\/2023\/11\/20231111_151507-864x1536.jpg 864w, https:\/\/union-adm.at\/wp-content\/uploads\/2023\/11\/20231111_151507.jpg 1152w\" sizes=\"(max-width: 1080px) 100vw, 1080px\" \/><figcaption class=\"wp-element-caption\">Die Ballgruppe.<\/figcaption><\/figure>\n<\/figure>\n\n\n\n<figure class=\"wp-block-image size-large\"><img decoding=\"async\" loading=\"lazy\" width=\"1920\" height=\"1001\" src=\"https:\/\/union-adm.at\/wp-content\/uploads\/2023\/11\/20231111_110431-1-1920x1001.jpg\" alt=\"\" class=\"wp-image-4056\" srcset=\"https:\/\/union-adm.at\/wp-content\/uploads\/2023\/11\/20231111_110431-1-1920x1001.jpg 1920w, https:\/\/union-adm.at\/wp-content\/uploads\/2023\/11\/20231111_110431-1-300x156.jpg 300w, https:\/\/union-adm.at\/wp-content\/uploads\/2023\/11\/20231111_110431-1-768x401.jpg 768w, https:\/\/union-adm.at\/wp-content\/uploads\/2023\/11\/20231111_110431-1-1536x801.jpg 1536w, https:\/\/union-adm.at\/wp-content\/uploads\/2023\/11\/20231111_110431-1.jpg 2048w\" sizes=\"(max-width: 1920px) 100vw, 1920px\" \/><figcaption class=\"wp-element-caption\">Die ADM Elitegruppe.<\/figcaption><\/figure>\n<div id=\"themify_builder_content-4051\" data-postid=\"4051\" class=\"themify_builder_content themify_builder_content-4051 themify_builder themify_builder_front\">\n\n\t<\/div>\n<!-- \/themify_builder_content -->","protected":false},"excerpt":{"rendered":"<p>Bei der Sportunion Bundesmeisterschaft am 11.11.2023 in Salzburg gelang unseren Gymnastinnen mit zwei Silbermedaillen und einem 4. Platz ein toller Abschluss der Gruppenwettk\u00e4mpfe. In der Eliteklasse erturnten Iris Voitleitner, Stella Bernau, Katharina Lettner, Caronline Lettner, Mira K\u00f6hler und Sophia Herler mit den Reifen den zweiten Platz hinter TGUS Salzburg. \u201eBesonders stolz macht mich die Leistung, [&hellip;]<\/p>\n","protected":false},"author":11,"featured_media":4052,"comment_status":"open","ping_status":"open","sticky":false,"template":"","format":"standard","meta":[],"categories":[1,5,33],"tags":[],"_links":{"self":[{"href":"https:\/\/union-adm.at\/index.php?rest_route=\/wp\/v2\/posts\/4051"}],"collection":[{"href":"https:\/\/union-adm.at\/index.php?rest_route=\/wp\/v2\/posts"}],"about":[{"href":"https:\/\/union-adm.at\/index.php?rest_route=\/wp\/v2\/types\/post"}],"author":[{"embeddable":true,"href":"https:\/\/union-adm.at\/index.php?rest_route=\/wp\/v2\/users\/11"}],"replies":[{"embeddable":true,"href":"https:\/\/union-adm.at\/index.php?rest_route=%2Fwp%2Fv2%2Fcomments&post=4051"}],"version-history":[{"count":4,"href":"https:\/\/union-adm.at\/index.php?rest_route=\/wp\/v2\/posts\/4051\/revisions"}],"predecessor-version":[{"id":4060,"href":"https:\/\/union-adm.at\/index.php?rest_route=\/wp\/v2\/posts\/4051\/revisions\/4060"}],"wp:featuredmedia":[{"embeddable":true,"href":"https:\/\/union-adm.at\/index.php?rest_route=\/wp\/v2\/media\/4052"}],"wp:attachment":[{"href":"https:\/\/union-adm.at\/index.php?rest_route=%2Fwp%2Fv2%2Fmedia&parent=4051"}],"wp:term":[{"taxonomy":"category","embeddable":true,"href":"https:\/\/union-adm.at\/index.php?rest_route=%2Fwp%2Fv2%2Fcategories&post=4051"},{"taxonomy":"post_tag","embeddable":true,"href":"https:\/\/union-adm.at\/index.php?rest_route=%2Fwp%2Fv2%2Ftags&post=4051"}],"curies":[{"name":"wp","href":"https:\/\/api.w.org\/{rel}","templated":true}]}}