{"id":4357,"date":"2024-02-03T15:28:43","date_gmt":"2024-02-03T14:28:43","guid":{"rendered":"https:\/\/union-adm.at\/?p=4357"},"modified":"2024-02-12T10:50:36","modified_gmt":"2024-02-12T09:50:36","slug":"einladung-zur-generalversammlung-2024","status":"publish","type":"post","link":"https:\/\/union-adm.at\/?p=4357","title":{"rendered":"Einladung zur Generalversammlung 2024"},"content":{"rendered":"\n<p>Die Sportunion ADM Linz l\u00e4dt alle Mitglieder herzlich zur au\u00dferordentlichen\u00a0 Generalversammlung 2024 in das Julius-Raab-Heim!<\/p>\n\n\n\n<figure class=\"wp-block-image size-full is-resized\"><img decoding=\"async\" loading=\"lazy\" src=\"https:\/\/union-adm.at\/wp-content\/uploads\/2024\/02\/GV-2024-ADM-Einladung.png\" alt=\"\" class=\"wp-image-4392\" width=\"340\" height=\"480\" srcset=\"https:\/\/union-adm.at\/wp-content\/uploads\/2024\/02\/GV-2024-ADM-Einladung.png 556w, https:\/\/union-adm.at\/wp-content\/uploads\/2024\/02\/GV-2024-ADM-Einladung-212x300.png 212w\" sizes=\"(max-width: 340px) 100vw, 340px\" \/><\/figure>\n\n\n\n<p>Neben gem\u00fctlichem Beisammensein mit Showprogramm und Buffet-Ausklang wird ein neuer Vorstand gew\u00e4hlt werden. <\/p>\n\n\n\n<p><strong>Wann?<\/strong> 15. M\u00e4rz 2024, 17:00 &#8211; 19:30 <br><strong>Wo?<\/strong> Julius-Raab-Heim, Julius-Raab-Stra\u00dfe 10, 4040 Linz<\/p>\n\n\n\n<p><strong>Programm: <\/strong><br>&#8211; Begr\u00fc\u00dfung, Er\u00f6ffnung<br>&#8211; Berichte<br>&#8211; Showprogramm<br>&#8211; Neuwahl Vorstand<br>&#8211; Showprogramm<br>&#8211; Buffet<\/p>\n\n\n\n<p><\/p>\n\n\n\n<p>Bitte um Anmeldung zur Veranstaltung bitte bis sp\u00e4testens <strong>8. M\u00e4rz 2024<\/strong> mit Angabe der Begleitpersonen unter <strong>&#x65;&#118;e&#x6e;&#116;&#64;&#x75;&#x6e;&#105;&#x6f;&#x6e;&#45;a&#x64;&#109;&#46;&#x61;&#x74;<\/strong>.<\/p>\n\n\n\n<p class=\"has-text-align-center\"><em>\u00bbWir freuen uns, euch zur Generalversammlung begr\u00fc\u00dfen zu d\u00fcrfen!\u00ab<\/em><br><em>Helmut Pichler, gf. Obmann<\/em><\/p>\n\n\n\n<p><strong>Tagesordnung:<\/strong> <\/p>\n\n\n\n<figure class=\"wp-block-image size-full\"><img decoding=\"async\" loading=\"lazy\" width=\"644\" height=\"817\" src=\"https:\/\/union-adm.at\/wp-content\/uploads\/2024\/02\/image-1.png\" alt=\"\" class=\"wp-image-4364\" srcset=\"https:\/\/union-adm.at\/wp-content\/uploads\/2024\/02\/image-1.png 644w, https:\/\/union-adm.at\/wp-content\/uploads\/2024\/02\/image-1-236x300.png 236w\" sizes=\"(max-width: 644px) 100vw, 644px\" \/><\/figure>\n<div id=\"themify_builder_content-4357\" data-postid=\"4357\" class=\"themify_builder_content themify_builder_content-4357 themify_builder themify_builder_front\">\n\n\t<\/div>\n<!-- \/themify_builder_content -->","protected":false},"excerpt":{"rendered":"<p>Die Sportunion ADM Linz l\u00e4dt alle Mitglieder herzlich zur au\u00dferordentlichen\u00a0 Generalversammlung 2024 in das Julius-Raab-Heim! Neben gem\u00fctlichem Beisammensein mit Showprogramm und Buffet-Ausklang wird ein neuer Vorstand gew\u00e4hlt werden. Wann? 15. M\u00e4rz 2024, 17:00 &#8211; 19:30 Wo? Julius-Raab-Heim, Julius-Raab-Stra\u00dfe 10, 4040 Linz Programm: &#8211; Begr\u00fc\u00dfung, Er\u00f6ffnung&#8211; Berichte&#8211; Showprogramm&#8211; Neuwahl Vorstand&#8211; Showprogramm&#8211; Buffet Bitte um Anmeldung zur [&hellip;]<\/p>\n","protected":false},"author":10,"featured_media":4354,"comment_status":"open","ping_status":"open","sticky":false,"template":"","format":"standard","meta":[],"categories":[1,5],"tags":[],"_links":{"self":[{"href":"https:\/\/union-adm.at\/index.php?rest_route=\/wp\/v2\/posts\/4357"}],"collection":[{"href":"https:\/\/union-adm.at\/index.php?rest_route=\/wp\/v2\/posts"}],"about":[{"href":"https:\/\/union-adm.at\/index.php?rest_route=\/wp\/v2\/types\/post"}],"author":[{"embeddable":true,"href":"https:\/\/union-adm.at\/index.php?rest_route=\/wp\/v2\/users\/10"}],"replies":[{"embeddable":true,"href":"https:\/\/union-adm.at\/index.php?rest_route=%2Fwp%2Fv2%2Fcomments&post=4357"}],"version-history":[{"count":8,"href":"https:\/\/union-adm.at\/index.php?rest_route=\/wp\/v2\/posts\/4357\/revisions"}],"predecessor-version":[{"id":4394,"href":"https:\/\/union-adm.at\/index.php?rest_route=\/wp\/v2\/posts\/4357\/revisions\/4394"}],"wp:featuredmedia":[{"embeddable":true,"href":"https:\/\/union-adm.at\/index.php?rest_route=\/wp\/v2\/media\/4354"}],"wp:attachment":[{"href":"https:\/\/union-adm.at\/index.php?rest_route=%2Fwp%2Fv2%2Fmedia&parent=4357"}],"wp:term":[{"taxonomy":"category","embeddable":true,"href":"https:\/\/union-adm.at\/index.php?rest_route=%2Fwp%2Fv2%2Fcategories&post=4357"},{"taxonomy":"post_tag","embeddable":true,"href":"https:\/\/union-adm.at\/index.php?rest_route=%2Fwp%2Fv2%2Ftags&post=4357"}],"curies":[{"name":"wp","href":"https:\/\/api.w.org\/{rel}","templated":true}]}}