{"id":4368,"date":"2024-02-04T20:08:22","date_gmt":"2024-02-04T19:08:22","guid":{"rendered":"https:\/\/union-adm.at\/?p=4368"},"modified":"2024-02-04T20:16:31","modified_gmt":"2024-02-04T19:16:31","slug":"erfolgreicher-wettkampfstart-fuer-die-kinderklassen","status":"publish","type":"post","link":"https:\/\/union-adm.at\/?p=4368","title":{"rendered":"Erfolgreicher Wettkampfstart f\u00fcr die Kinderklassen"},"content":{"rendered":"\n<p>Am 3. Februar 2024 er\u00f6ffneten die kleinsten Gymnastinnen die Wettkampfsaison. Mit einmal Silber durch Marjia Orishenko in der Kinderklasse 2 und Bronze durch Greta Condemi bei den Kindern 1 wurde der erste Kids Cup 2024 zum vollen Erfolg.<\/p>\n\n\n\n<p>Bereits die j\u00fcngsten M\u00e4dchen (Jahrgang 2018), die au\u00dferhalb der Wertung erste Erfahrungen sammeln durften, konnten mit entz\u00fcckenden \u00dcbungen verzaubern. Die Trainer Annett und Rene Doberenz dazu: \u201eWir m\u00f6chten uns bedanken bei den M\u00e4dchen, die uns echt stolz gemacht haben. Nat\u00fcrlich ist Luft nach oben (das muss ein Trainer ja immer sagen), aber zum jetzigen Zeitpunkt war es ein echtes Aha-Erlebnis f\u00fcr uns. Sch\u00f6n, dass ihr da seid.\u201c<\/p>\n\n\n\n<p>Ein gro\u00dfes Dankesch\u00f6n auch an \u00d6TB Linz f\u00fcr die Ausrichtung der Veranstaltung.<\/p>\n\n\n\n<figure class=\"wp-block-gallery has-nested-images columns-default is-cropped wp-block-gallery-1 is-layout-flex\"><div class=\"wp-block-image\">\n<figure class=\"aligncenter size-large\"><img decoding=\"async\" loading=\"lazy\" width=\"1465\" height=\"1920\" data-id=\"4369\"  src=\"https:\/\/union-adm.at\/wp-content\/uploads\/2024\/02\/20240203_134117-1465x1920.jpg\" alt=\"\" class=\"wp-image-4369\" srcset=\"https:\/\/union-adm.at\/wp-content\/uploads\/2024\/02\/20240203_134117-1465x1920.jpg 1465w, https:\/\/union-adm.at\/wp-content\/uploads\/2024\/02\/20240203_134117-229x300.jpg 229w, https:\/\/union-adm.at\/wp-content\/uploads\/2024\/02\/20240203_134117-768x1006.jpg 768w, https:\/\/union-adm.at\/wp-content\/uploads\/2024\/02\/20240203_134117-1172x1536.jpg 1172w, https:\/\/union-adm.at\/wp-content\/uploads\/2024\/02\/20240203_134117.jpg 1563w\" sizes=\"(max-width: 1465px) 100vw, 1465px\" \/><\/figure><\/div><\/figure>\n\n\n\n<p><\/p>\n\n\n\n<p><strong>Kaderselektion 2024<\/strong><\/p>\n\n\n\n<p>W\u00e4hrend unsere kleinen Sportlerinnen Wettkampfluft schnupperten, ging es f\u00fcr die Nachwuchstalente Emma Fleischanderl, Madeleine Hofmann-Gst\u00f6ttner und Ines R\u00f6bl aus der Jugendklasse 3 bzw. 2 nach Wien zur Sichtung f\u00fcr den Nachwuchs(national)kader. Das K\u00f6nnen der jungen Damen wurde durch das Team um Gabriela Welkow-Jusek begutachtet. Die Drei durften eine Reihe von Spr\u00fcngen, St\u00e4nden und Drehungen in Verbindung mit Handger\u00e4tetechniken inklusive Risikoelementen, jeweils eine ihrer K\u00fcr\u00fcbungen sowie einen improvisierten Tanz pr\u00e4sentieren.<\/p>\n\n\n\n<figure class=\"wp-block-gallery has-nested-images columns-default is-cropped wp-block-gallery-3 is-layout-flex\">\n<figure class=\"wp-block-image size-large\"><img decoding=\"async\" loading=\"lazy\" width=\"1440\" height=\"1920\" data-id=\"4371\"  src=\"https:\/\/union-adm.at\/wp-content\/uploads\/2024\/02\/20240203_125604-1440x1920.jpg\" alt=\"\" class=\"wp-image-4371\" srcset=\"https:\/\/union-adm.at\/wp-content\/uploads\/2024\/02\/20240203_125604-1440x1920.jpg 1440w, https:\/\/union-adm.at\/wp-content\/uploads\/2024\/02\/20240203_125604-225x300.jpg 225w, https:\/\/union-adm.at\/wp-content\/uploads\/2024\/02\/20240203_125604-768x1024.jpg 768w, https:\/\/union-adm.at\/wp-content\/uploads\/2024\/02\/20240203_125604-1152x1536.jpg 1152w, https:\/\/union-adm.at\/wp-content\/uploads\/2024\/02\/20240203_125604.jpg 1536w\" sizes=\"(max-width: 1440px) 100vw, 1440px\" \/><figcaption class=\"wp-element-caption\">Ines R\u00f6bl, Emma Fleischanderl und Madeleine Hofmann-Gst\u00f6ttner<\/figcaption><\/figure>\n<\/figure>\n\n\n\n<p>ADM w\u00fcnscht allen Athletinnen eine erfolgreiche Saison und dr\u00fcckt ganz fest die Daumen!<\/p>\n<div id=\"themify_builder_content-4368\" data-postid=\"4368\" class=\"themify_builder_content themify_builder_content-4368 themify_builder themify_builder_front\">\n\n\t<\/div>\n<!-- \/themify_builder_content -->","protected":false},"excerpt":{"rendered":"<p>Am 3. Februar 2024 er\u00f6ffneten die kleinsten Gymnastinnen die Wettkampfsaison. Mit einmal Silber durch Marjia Orishenko in der Kinderklasse 2 und Bronze durch Greta Condemi bei den Kindern 1 wurde der erste Kids Cup 2024 zum vollen Erfolg. Bereits die j\u00fcngsten M\u00e4dchen (Jahrgang 2018), die au\u00dferhalb der Wertung erste Erfahrungen sammeln durften, konnten mit entz\u00fcckenden [&hellip;]<\/p>\n","protected":false},"author":11,"featured_media":4369,"comment_status":"open","ping_status":"open","sticky":false,"template":"","format":"standard","meta":[],"categories":[1,5,33],"tags":[],"_links":{"self":[{"href":"https:\/\/union-adm.at\/index.php?rest_route=\/wp\/v2\/posts\/4368"}],"collection":[{"href":"https:\/\/union-adm.at\/index.php?rest_route=\/wp\/v2\/posts"}],"about":[{"href":"https:\/\/union-adm.at\/index.php?rest_route=\/wp\/v2\/types\/post"}],"author":[{"embeddable":true,"href":"https:\/\/union-adm.at\/index.php?rest_route=\/wp\/v2\/users\/11"}],"replies":[{"embeddable":true,"href":"https:\/\/union-adm.at\/index.php?rest_route=%2Fwp%2Fv2%2Fcomments&post=4368"}],"version-history":[{"count":6,"href":"https:\/\/union-adm.at\/index.php?rest_route=\/wp\/v2\/posts\/4368\/revisions"}],"predecessor-version":[{"id":4379,"href":"https:\/\/union-adm.at\/index.php?rest_route=\/wp\/v2\/posts\/4368\/revisions\/4379"}],"wp:featuredmedia":[{"embeddable":true,"href":"https:\/\/union-adm.at\/index.php?rest_route=\/wp\/v2\/media\/4369"}],"wp:attachment":[{"href":"https:\/\/union-adm.at\/index.php?rest_route=%2Fwp%2Fv2%2Fmedia&parent=4368"}],"wp:term":[{"taxonomy":"category","embeddable":true,"href":"https:\/\/union-adm.at\/index.php?rest_route=%2Fwp%2Fv2%2Fcategories&post=4368"},{"taxonomy":"post_tag","embeddable":true,"href":"https:\/\/union-adm.at\/index.php?rest_route=%2Fwp%2Fv2%2Ftags&post=4368"}],"curies":[{"name":"wp","href":"https:\/\/api.w.org\/{rel}","templated":true}]}}