{"id":4387,"date":"2024-02-12T16:34:34","date_gmt":"2024-02-12T15:34:34","guid":{"rendered":"https:\/\/union-adm.at\/?p=4387"},"modified":"2024-02-12T16:34:36","modified_gmt":"2024-02-12T15:34:36","slug":"martin-iris-und-paul-drei-neue-mitglieder-im-adm-vorstand","status":"publish","type":"post","link":"https:\/\/union-adm.at\/?p=4387","title":{"rendered":"Martin, Iris und Paul: drei neue Mitglieder im ADM Vorstand"},"content":{"rendered":"\n<p>Die Sportunion ADM Linz freut sich, drei neue Mitglieder im Vorstand begr\u00fc\u00dfen zu d\u00fcrfen! <\/p>\n\n\n\n<div class=\"wp-block-media-text alignwide is-stacked-on-mobile\"><figure class=\"wp-block-media-text__media\"><img decoding=\"async\" loading=\"lazy\" width=\"1920\" height=\"1280\" src=\"https:\/\/union-adm.at\/wp-content\/uploads\/2024\/02\/Martin-Heger-1-1920x1280.jpg\" alt=\"\" class=\"wp-image-4402 size-full\" srcset=\"https:\/\/union-adm.at\/wp-content\/uploads\/2024\/02\/Martin-Heger-1-1920x1280.jpg 1920w, https:\/\/union-adm.at\/wp-content\/uploads\/2024\/02\/Martin-Heger-1-300x200.jpg 300w, https:\/\/union-adm.at\/wp-content\/uploads\/2024\/02\/Martin-Heger-1-768x512.jpg 768w, https:\/\/union-adm.at\/wp-content\/uploads\/2024\/02\/Martin-Heger-1-1536x1024.jpg 1536w, https:\/\/union-adm.at\/wp-content\/uploads\/2024\/02\/Martin-Heger-1.jpg 2048w\" sizes=\"(max-width: 1920px) 100vw, 1920px\" \/><\/figure><div class=\"wp-block-media-text__content\">\n<p><strong>Martin Heger <\/strong>ist seit ca. 34 Jahren Mitglied bei der Union ADM Linz in der Sektion Schwimmen. Nach seiner eigenen Karriere als Leistungsschwimmer war er auch in der Schwimmschule und als Nachwuchstrainer t\u00e4tig. Neben der Erstellung der Rundschau hat er den MehrlagenCup bzw. diverse Meisterschaften mitorganisiert. Mit seiner kleinen Firma entwickelt und betreut Martin die Technik bei fast allen Schwimmveranstaltungen in \u00d6sterreich. Hauptberuflich arbeitet Martin bei einem amerikanischen IT Unternehmen und betreut Kunden in ganz \u00d6sterreich im Bereich Datenspeicher. Martin wird im Vorstand f\u00fcr die Bereiche Veranstaltungen und Prozessmanagement verantwortlich sein.<\/p>\n<\/div><\/div>\n\n\n\n<div class=\"wp-block-media-text alignwide is-stacked-on-mobile\"><figure class=\"wp-block-media-text__media\"><img decoding=\"async\" loading=\"lazy\" width=\"1500\" height=\"1500\" src=\"https:\/\/union-adm.at\/wp-content\/uploads\/2024\/02\/Khinast_0075.jpg\" alt=\"\" class=\"wp-image-4403 size-full\" srcset=\"https:\/\/union-adm.at\/wp-content\/uploads\/2024\/02\/Khinast_0075.jpg 1500w, https:\/\/union-adm.at\/wp-content\/uploads\/2024\/02\/Khinast_0075-300x300.jpg 300w, https:\/\/union-adm.at\/wp-content\/uploads\/2024\/02\/Khinast_0075-150x150.jpg 150w, https:\/\/union-adm.at\/wp-content\/uploads\/2024\/02\/Khinast_0075-768x768.jpg 768w\" sizes=\"(max-width: 1500px) 100vw, 1500px\" \/><\/figure><div class=\"wp-block-media-text__content\">\n<p><strong>Iris Khinast <\/strong>kennt die Sportunion ADM Linz aus Eltern- und Trainersicht. Ihre Tochter Gloria war lange Jahre in der Sektion Sportaerobic erfolgreich im Leistungssport t\u00e4tig. Eine junge Sparte im Aufbau ben\u00f6tigte tatkr\u00e4ftige Helferh\u00e4nde von allen Seiten &#8211; so geht man nicht nur als Elternteil durch die H\u00f6hen und Tiefen der eigenen Kinder, sondern Iris war unter anderem auch als Nachwuchstrainerin im Einsatz und hat beim Aufbau der Sektion entscheidend mitgewirkt. <\/p>\n\n\n\n<p>Hauptberuflich leitet Iris die Personalabteilung der O\u00d6 Landwirtschaftskammer. Im Verein ist sie f\u00fcr F\u00f6rderwesen zust\u00e4ndig. <\/p>\n<\/div><\/div>\n\n\n\n<div class=\"wp-block-media-text alignwide is-stacked-on-mobile\"><figure class=\"wp-block-media-text__media\"><img decoding=\"async\" loading=\"lazy\" width=\"1553\" height=\"1920\" src=\"https:\/\/union-adm.at\/wp-content\/uploads\/2024\/02\/Foto_weissha_01022024-1-1553x1920.jpg\" alt=\"\" class=\"wp-image-4404 size-full\" srcset=\"https:\/\/union-adm.at\/wp-content\/uploads\/2024\/02\/Foto_weissha_01022024-1-1553x1920.jpg 1553w, https:\/\/union-adm.at\/wp-content\/uploads\/2024\/02\/Foto_weissha_01022024-1-243x300.jpg 243w, https:\/\/union-adm.at\/wp-content\/uploads\/2024\/02\/Foto_weissha_01022024-1-768x949.jpg 768w, https:\/\/union-adm.at\/wp-content\/uploads\/2024\/02\/Foto_weissha_01022024-1-1243x1536.jpg 1243w, https:\/\/union-adm.at\/wp-content\/uploads\/2024\/02\/Foto_weissha_01022024-1.jpg 1657w\" sizes=\"(max-width: 1553px) 100vw, 1553px\" \/><\/figure><div class=\"wp-block-media-text__content\">\n<p>Die sportliche Leidenschaft von <strong>Paul Weissh\u00e4upel <\/strong>galt seit fr\u00fchen Jugendtagen immer dem Fu\u00dfball, den er \u00fcber 20 Jahre (1997 bis 2017) im Bereich des Schiedsrichterwesens bzw. als Funktion\u00e4r innerhalb des ober\u00f6sterreichischen Fu\u00dfballverbandes aktiv lebte und liebte. Nebenbei begeisterter Hobby-Sportler auf der (Halb-)Marathon-Distanz ist er seit 2010 Mitglied im Vorstand der Di\u00f6zesansportgemeinschaft Ober\u00f6sterreich. Hauptberuflich ist Paul in der \u00f6sterreichischen Finanzverwaltung t\u00e4tig. F\u00fcr die Union ADM ist er derzeit als stellvertretender Kassier im Amt. <\/p>\n\n\n\n<p> Wir freuen uns sehr, mit Martin, Iris und Paul Expert*innen mit viel beruflicher und sportlicher Erfahrung in unserem Verein begr\u00fc\u00dfen zu d\u00fcrfen!  <\/p>\n<\/div><\/div>\n\n\n\n<p><\/p>\n\n\n\n<p><\/p>\n<div id=\"themify_builder_content-4387\" data-postid=\"4387\" class=\"themify_builder_content themify_builder_content-4387 themify_builder themify_builder_front\">\n\n\t<\/div>\n<!-- \/themify_builder_content -->","protected":false},"excerpt":{"rendered":"<p>Die Sportunion ADM Linz freut sich, drei neue Mitglieder im Vorstand begr\u00fc\u00dfen zu d\u00fcrfen! Martin Heger ist seit ca. 34 Jahren Mitglied bei der Union ADM Linz in der Sektion Schwimmen. Nach seiner eigenen Karriere als Leistungsschwimmer war er auch in der Schwimmschule und als Nachwuchstrainer t\u00e4tig. Neben der Erstellung der Rundschau hat er den [&hellip;]<\/p>\n","protected":false},"author":10,"featured_media":4400,"comment_status":"open","ping_status":"open","sticky":false,"template":"","format":"standard","meta":[],"categories":[1,5],"tags":[],"_links":{"self":[{"href":"https:\/\/union-adm.at\/index.php?rest_route=\/wp\/v2\/posts\/4387"}],"collection":[{"href":"https:\/\/union-adm.at\/index.php?rest_route=\/wp\/v2\/posts"}],"about":[{"href":"https:\/\/union-adm.at\/index.php?rest_route=\/wp\/v2\/types\/post"}],"author":[{"embeddable":true,"href":"https:\/\/union-adm.at\/index.php?rest_route=\/wp\/v2\/users\/10"}],"replies":[{"embeddable":true,"href":"https:\/\/union-adm.at\/index.php?rest_route=%2Fwp%2Fv2%2Fcomments&post=4387"}],"version-history":[{"count":4,"href":"https:\/\/union-adm.at\/index.php?rest_route=\/wp\/v2\/posts\/4387\/revisions"}],"predecessor-version":[{"id":4406,"href":"https:\/\/union-adm.at\/index.php?rest_route=\/wp\/v2\/posts\/4387\/revisions\/4406"}],"wp:featuredmedia":[{"embeddable":true,"href":"https:\/\/union-adm.at\/index.php?rest_route=\/wp\/v2\/media\/4400"}],"wp:attachment":[{"href":"https:\/\/union-adm.at\/index.php?rest_route=%2Fwp%2Fv2%2Fmedia&parent=4387"}],"wp:term":[{"taxonomy":"category","embeddable":true,"href":"https:\/\/union-adm.at\/index.php?rest_route=%2Fwp%2Fv2%2Fcategories&post=4387"},{"taxonomy":"post_tag","embeddable":true,"href":"https:\/\/union-adm.at\/index.php?rest_route=%2Fwp%2Fv2%2Ftags&post=4387"}],"curies":[{"name":"wp","href":"https:\/\/api.w.org\/{rel}","templated":true}]}}