{"id":4487,"date":"2024-03-11T16:27:24","date_gmt":"2024-03-11T15:27:24","guid":{"rendered":"https:\/\/union-adm.at\/?p=4487"},"modified":"2024-03-11T16:27:31","modified_gmt":"2024-03-11T15:27:31","slug":"rhythmische-gymnastik-erfolgreicher-start-ins-internationale-wettkampfgeschehen","status":"publish","type":"post","link":"https:\/\/union-adm.at\/?p=4487","title":{"rendered":"Rhythmische Gymnastik: Erfolgreicher Start ins internationale Wettkampfgeschehen \u00a0"},"content":{"rendered":"\n<p>Einen optimalen Saisonstart lieferten unsere Gymnastinnen der Jugendklassen 1-3 am 2. M\u00e4rz 2024 beim f\u00fcnften International Civitas Nova Cup in Wiener Neustadt. In der Ger\u00e4tewertung Ball durften sich Madeleine Hofmann-Gst\u00f6ttner (Jahrgang 2013) \u00fcber Gold, Caroline Lettner und Alma Burg (beide Jahrgang 2011) \u00fcber Silber bzw. Bronze freuen.<\/p>\n\n\n\n<p><strong>Papas am Start<\/strong><\/p>\n\n\n\n<p>In der Teamwertung \u201ePupils A\u201c belegten die M\u00e4dchen gemeinsam mit Emma Fleischanderl, Ines R\u00f6bl und Martha Burg den sensationellen 4. Platz. Nach der intensiven Vorbereitungszeit, in der neue K\u00fcren gestellt und einge\u00fcbt wurden, war die Vorfreude auf den ersten Wettkampf gro\u00df.<\/p>\n\n\n\n<figure class=\"wp-block-image size-full is-resized\"><img decoding=\"async\" loading=\"lazy\" src=\"https:\/\/union-adm.at\/wp-content\/uploads\/2024\/03\/IMG-20240302-WA0040-1.jpg\" alt=\"\" class=\"wp-image-4489\" width=\"368\" height=\"515\" srcset=\"https:\/\/union-adm.at\/wp-content\/uploads\/2024\/03\/IMG-20240302-WA0040-1.jpg 1321w, https:\/\/union-adm.at\/wp-content\/uploads\/2024\/03\/IMG-20240302-WA0040-1-214x300.jpg 214w, https:\/\/union-adm.at\/wp-content\/uploads\/2024\/03\/IMG-20240302-WA0040-1-768x1075.jpg 768w, https:\/\/union-adm.at\/wp-content\/uploads\/2024\/03\/IMG-20240302-WA0040-1-1097x1536.jpg 1097w\" sizes=\"(max-width: 368px) 100vw, 368px\" \/><\/figure>\n\n\n\n<p>Der erfolgreiche Tag wurde mittlerweile schon fast traditioneller Weise mit einem Burger gefeiert. Ein gro\u00dfes Dankesch\u00f6n auch an die vielen V\u00e4ter, die die M\u00e4dchen als Fans begleitet haben und Trainer Rene in seiner Betreuungsarbeit wunderbar erg\u00e4nzten.<\/p>\n\n\n\n<figure class=\"wp-block-image size-full\"><img decoding=\"async\" loading=\"lazy\" width=\"1600\" height=\"1200\" src=\"https:\/\/union-adm.at\/wp-content\/uploads\/2024\/03\/IMG-20240302-WA0034.jpg\" alt=\"\" class=\"wp-image-4490\" srcset=\"https:\/\/union-adm.at\/wp-content\/uploads\/2024\/03\/IMG-20240302-WA0034.jpg 1600w, https:\/\/union-adm.at\/wp-content\/uploads\/2024\/03\/IMG-20240302-WA0034-300x225.jpg 300w, https:\/\/union-adm.at\/wp-content\/uploads\/2024\/03\/IMG-20240302-WA0034-768x576.jpg 768w, https:\/\/union-adm.at\/wp-content\/uploads\/2024\/03\/IMG-20240302-WA0034-1536x1152.jpg 1536w\" sizes=\"(max-width: 1600px) 100vw, 1600px\" \/><\/figure>\n<div id=\"themify_builder_content-4487\" data-postid=\"4487\" class=\"themify_builder_content themify_builder_content-4487 themify_builder themify_builder_front\">\n\n\t<\/div>\n<!-- \/themify_builder_content -->","protected":false},"excerpt":{"rendered":"<p>Einen optimalen Saisonstart lieferten unsere Gymnastinnen der Jugendklassen 1-3 am 2. M\u00e4rz 2024 beim f\u00fcnften International Civitas Nova Cup in Wiener Neustadt. In der Ger\u00e4tewertung Ball durften sich Madeleine Hofmann-Gst\u00f6ttner (Jahrgang 2013) \u00fcber Gold, Caroline Lettner und Alma Burg (beide Jahrgang 2011) \u00fcber Silber bzw. Bronze freuen. Papas am Start In der Teamwertung \u201ePupils A\u201c [&hellip;]<\/p>\n","protected":false},"author":11,"featured_media":4491,"comment_status":"open","ping_status":"open","sticky":false,"template":"","format":"standard","meta":[],"categories":[1,5,33],"tags":[],"_links":{"self":[{"href":"https:\/\/union-adm.at\/index.php?rest_route=\/wp\/v2\/posts\/4487"}],"collection":[{"href":"https:\/\/union-adm.at\/index.php?rest_route=\/wp\/v2\/posts"}],"about":[{"href":"https:\/\/union-adm.at\/index.php?rest_route=\/wp\/v2\/types\/post"}],"author":[{"embeddable":true,"href":"https:\/\/union-adm.at\/index.php?rest_route=\/wp\/v2\/users\/11"}],"replies":[{"embeddable":true,"href":"https:\/\/union-adm.at\/index.php?rest_route=%2Fwp%2Fv2%2Fcomments&post=4487"}],"version-history":[{"count":2,"href":"https:\/\/union-adm.at\/index.php?rest_route=\/wp\/v2\/posts\/4487\/revisions"}],"predecessor-version":[{"id":4493,"href":"https:\/\/union-adm.at\/index.php?rest_route=\/wp\/v2\/posts\/4487\/revisions\/4493"}],"wp:featuredmedia":[{"embeddable":true,"href":"https:\/\/union-adm.at\/index.php?rest_route=\/wp\/v2\/media\/4491"}],"wp:attachment":[{"href":"https:\/\/union-adm.at\/index.php?rest_route=%2Fwp%2Fv2%2Fmedia&parent=4487"}],"wp:term":[{"taxonomy":"category","embeddable":true,"href":"https:\/\/union-adm.at\/index.php?rest_route=%2Fwp%2Fv2%2Fcategories&post=4487"},{"taxonomy":"post_tag","embeddable":true,"href":"https:\/\/union-adm.at\/index.php?rest_route=%2Fwp%2Fv2%2Ftags&post=4487"}],"curies":[{"name":"wp","href":"https:\/\/api.w.org\/{rel}","templated":true}]}}