{"id":4566,"date":"2024-03-27T21:34:20","date_gmt":"2024-03-27T20:34:20","guid":{"rendered":"https:\/\/union-adm.at\/?p=4566"},"modified":"2024-03-27T21:34:22","modified_gmt":"2024-03-27T20:34:22","slug":"fuenfmal-gold-fuer-rhythmische-gymnastik-in-porec","status":"publish","type":"post","link":"https:\/\/union-adm.at\/?p=4566","title":{"rendered":"F\u00fcnfmal Gold f\u00fcr Rhythmische Gymnastik in Porec"},"content":{"rendered":"\n<p>Einen \u00e4u\u00dferst erfolgreichen Ausflug nach Kroatien absolvierten die Gymnastinnen der Elite, Juniorinnen und Jugend 1. Beim internationalen Porec Cup am 23. M\u00e4rz 2024 pr\u00e4sentierten die ADM-Talente starke \u00dcbungen und behaupteten sich gegen Teilnehmerinnen aus Slowenien, Kroatien und Ungarn.<\/p>\n\n\n\n<p>Mit zweimal Gold f\u00fcr Yasmin Doberenz (Reifen, Ball), Silber f\u00fcr Iris Voitleitner (Reifen) in der Elite sowie drei Goldenen f\u00fcr Katharina Lettner (Ball), Mira K\u00f6hler (Keule), Alma Burg (Keule), zwei Silbernen&nbsp;&nbsp;f\u00fcr Sophia Herler (Keule) und Martha Burg (Ball) sowie einmal Bronze f\u00fcr Caroline Lettner (Reifen) schloss jede ADM-Teilnehmerin den Wettkampf in den jeweiligen Jahrgangswertungen mit einem Podestplatz ab.<\/p>\n\n\n\n<p>\u201eEs macht mich stolz die Erfolge in den einzelnen Sektionen zu sehen. Als ehemalige Gymnastin und Trainerin wei\u00df ich genau, was hinter diesen tollen Leistungen steckt. Eine herzliche Gratulation and die M\u00e4dchen und das Trainer-Team Doberenz,\u201c freut sich Christina Philippi, Obfrau der Union ADM LinzEs macht mich stolz die Erfolge in den einzelnen Sektionen zu sehen. Als ehemalige Gymnastin und Trainerin wei\u00df ich genau, was hinter diesen tollen Leistungen steckt. Eine herzliche Gratulation and die M\u00e4dchen und das Trainer-Team Doberenz,\u201c freut sich Christina Philippi, Obfrau der Union ADM Linz.<\/p>\n\n\n\n<figure class=\"wp-block-gallery has-nested-images columns-default is-cropped wp-block-gallery-1 is-layout-flex\">\n<figure class=\"wp-block-image size-large\"><img decoding=\"async\" loading=\"lazy\" width=\"1512\" height=\"1512\" data-id=\"4572\"  src=\"https:\/\/union-adm.at\/wp-content\/uploads\/2024\/03\/IMG-20240324-WA0010.jpg\" alt=\"\" class=\"wp-image-4572\" srcset=\"https:\/\/union-adm.at\/wp-content\/uploads\/2024\/03\/IMG-20240324-WA0010.jpg 1512w, https:\/\/union-adm.at\/wp-content\/uploads\/2024\/03\/IMG-20240324-WA0010-300x300.jpg 300w, https:\/\/union-adm.at\/wp-content\/uploads\/2024\/03\/IMG-20240324-WA0010-150x150.jpg 150w, https:\/\/union-adm.at\/wp-content\/uploads\/2024\/03\/IMG-20240324-WA0010-768x768.jpg 768w\" sizes=\"(max-width: 1512px) 100vw, 1512px\" \/><\/figure>\n\n\n\n<figure class=\"wp-block-image size-large\"><img decoding=\"async\" loading=\"lazy\" width=\"1920\" height=\"1080\" data-id=\"4575\"  src=\"https:\/\/union-adm.at\/wp-content\/uploads\/2024\/03\/IMG-20240324-WA0007-1920x1080.jpg\" alt=\"\" class=\"wp-image-4575\" srcset=\"https:\/\/union-adm.at\/wp-content\/uploads\/2024\/03\/IMG-20240324-WA0007-1920x1080.jpg 1920w, https:\/\/union-adm.at\/wp-content\/uploads\/2024\/03\/IMG-20240324-WA0007-300x169.jpg 300w, https:\/\/union-adm.at\/wp-content\/uploads\/2024\/03\/IMG-20240324-WA0007-768x432.jpg 768w, https:\/\/union-adm.at\/wp-content\/uploads\/2024\/03\/IMG-20240324-WA0007-1536x864.jpg 1536w, https:\/\/union-adm.at\/wp-content\/uploads\/2024\/03\/IMG-20240324-WA0007.jpg 2016w\" sizes=\"(max-width: 1920px) 100vw, 1920px\" \/><\/figure>\n\n\n\n<figure class=\"wp-block-image size-large\"><img decoding=\"async\" loading=\"lazy\" width=\"1599\" height=\"1599\" data-id=\"4573\"  src=\"https:\/\/union-adm.at\/wp-content\/uploads\/2024\/03\/IMG-20240323-WA0017.jpg\" alt=\"\" class=\"wp-image-4573\" srcset=\"https:\/\/union-adm.at\/wp-content\/uploads\/2024\/03\/IMG-20240323-WA0017.jpg 1599w, https:\/\/union-adm.at\/wp-content\/uploads\/2024\/03\/IMG-20240323-WA0017-300x300.jpg 300w, https:\/\/union-adm.at\/wp-content\/uploads\/2024\/03\/IMG-20240323-WA0017-150x150.jpg 150w, https:\/\/union-adm.at\/wp-content\/uploads\/2024\/03\/IMG-20240323-WA0017-768x768.jpg 768w, https:\/\/union-adm.at\/wp-content\/uploads\/2024\/03\/IMG-20240323-WA0017-1536x1536.jpg 1536w\" sizes=\"(max-width: 1599px) 100vw, 1599px\" \/><\/figure>\n\n\n\n<figure class=\"wp-block-image size-large\"><img decoding=\"async\" loading=\"lazy\" width=\"1512\" height=\"1512\" data-id=\"4574\"  src=\"https:\/\/union-adm.at\/wp-content\/uploads\/2024\/03\/IMG-20240323-WA0042.jpg\" alt=\"\" class=\"wp-image-4574\" srcset=\"https:\/\/union-adm.at\/wp-content\/uploads\/2024\/03\/IMG-20240323-WA0042.jpg 1512w, https:\/\/union-adm.at\/wp-content\/uploads\/2024\/03\/IMG-20240323-WA0042-300x300.jpg 300w, https:\/\/union-adm.at\/wp-content\/uploads\/2024\/03\/IMG-20240323-WA0042-150x150.jpg 150w, https:\/\/union-adm.at\/wp-content\/uploads\/2024\/03\/IMG-20240323-WA0042-768x768.jpg 768w\" sizes=\"(max-width: 1512px) 100vw, 1512px\" \/><\/figure>\n<\/figure>\n\n\n\n<p>Copyright: Union ADM Linz<\/p>\n<div id=\"themify_builder_content-4566\" data-postid=\"4566\" class=\"themify_builder_content themify_builder_content-4566 themify_builder themify_builder_front\">\n\n\t<\/div>\n<!-- \/themify_builder_content -->","protected":false},"excerpt":{"rendered":"<p>Einen \u00e4u\u00dferst erfolgreichen Ausflug nach Kroatien absolvierten die Gymnastinnen der Elite, Juniorinnen und Jugend 1. Beim internationalen Porec Cup am 23. M\u00e4rz 2024 pr\u00e4sentierten die ADM-Talente starke \u00dcbungen und behaupteten sich gegen Teilnehmerinnen aus Slowenien, Kroatien und Ungarn. Mit zweimal Gold f\u00fcr Yasmin Doberenz (Reifen, Ball), Silber f\u00fcr Iris Voitleitner (Reifen) in der Elite sowie [&hellip;]<\/p>\n","protected":false},"author":11,"featured_media":4577,"comment_status":"open","ping_status":"open","sticky":false,"template":"","format":"standard","meta":[],"categories":[1,5,33],"tags":[],"_links":{"self":[{"href":"https:\/\/union-adm.at\/index.php?rest_route=\/wp\/v2\/posts\/4566"}],"collection":[{"href":"https:\/\/union-adm.at\/index.php?rest_route=\/wp\/v2\/posts"}],"about":[{"href":"https:\/\/union-adm.at\/index.php?rest_route=\/wp\/v2\/types\/post"}],"author":[{"embeddable":true,"href":"https:\/\/union-adm.at\/index.php?rest_route=\/wp\/v2\/users\/11"}],"replies":[{"embeddable":true,"href":"https:\/\/union-adm.at\/index.php?rest_route=%2Fwp%2Fv2%2Fcomments&post=4566"}],"version-history":[{"count":6,"href":"https:\/\/union-adm.at\/index.php?rest_route=\/wp\/v2\/posts\/4566\/revisions"}],"predecessor-version":[{"id":4579,"href":"https:\/\/union-adm.at\/index.php?rest_route=\/wp\/v2\/posts\/4566\/revisions\/4579"}],"wp:featuredmedia":[{"embeddable":true,"href":"https:\/\/union-adm.at\/index.php?rest_route=\/wp\/v2\/media\/4577"}],"wp:attachment":[{"href":"https:\/\/union-adm.at\/index.php?rest_route=%2Fwp%2Fv2%2Fmedia&parent=4566"}],"wp:term":[{"taxonomy":"category","embeddable":true,"href":"https:\/\/union-adm.at\/index.php?rest_route=%2Fwp%2Fv2%2Fcategories&post=4566"},{"taxonomy":"post_tag","embeddable":true,"href":"https:\/\/union-adm.at\/index.php?rest_route=%2Fwp%2Fv2%2Ftags&post=4566"}],"curies":[{"name":"wp","href":"https:\/\/api.w.org\/{rel}","templated":true}]}}