{"id":4614,"date":"2024-04-24T10:59:12","date_gmt":"2024-04-24T08:59:12","guid":{"rendered":"https:\/\/union-adm.at\/?p=4614"},"modified":"2024-04-24T10:59:14","modified_gmt":"2024-04-24T08:59:14","slug":"ehrenzeichen-der-stadt-linz-fuer-brigitte-philippi","status":"publish","type":"post","link":"https:\/\/union-adm.at\/?p=4614","title":{"rendered":"Ehrenzeichen der Stadt Linz f\u00fcr Brigitte Philippi"},"content":{"rendered":"\n<p>Am Dienstag, 23. April 2024, fand im Alten Rathaus die traditionelle Verleihung der st\u00e4dtischen Sportehrenzeichen statt. Vizeb\u00fcrgermeisterin Karin H\u00f6rzing \u00fcberreichte in Anwesenheit von Vertreter*innen der Dachsportvereine die Auszeichnungen. Mit dabei Sektionschefin der Rhythmischen Gymnastik und Sportaerobic der Sportunion ADM Linz Brigitte Philippi. <\/p>\n\n\n\n<p>Brigitte verantwortet seit nunmehr fast 25 Jahren die beiden Sektionen im Verein. Sie ist au\u00dferdem Landesspartenreferentin f\u00fcr diese beiden Sportarten bei Turnsport Ober\u00f6sterreich sowie bei der Sportunion \u00d6sterreich. <\/p>\n\n\n\n<p>Auf ihr Konto gehen mehrere Landes-, Staats- und Vizestaatsmeistertitel, WM- und EM-Teilnahmen sowie die Durchf\u00fchrung unz\u00e4hliger regionaler, nationaler sowie internationaler Meisterschaften. Im Verein ist sie dar\u00fcber hinaus die &#8220;Sektions-Mama&#8221;, die unz\u00e4hlige Generationen an Leistungssportlerinnen begleitet hat. <\/p>\n\n\n\n<p><strong><em>Liebe Brigitte, die Sportunion ADM Linz gratuliert dir sehr herzlich!<\/em><\/strong>   <\/p>\n\n\n\n<figure class=\"wp-block-image size-full\"><img decoding=\"async\" loading=\"lazy\" width=\"1200\" height=\"1600\" src=\"https:\/\/union-adm.at\/wp-content\/uploads\/2024\/04\/Brigitte-Philippi_Karin-Hoerzing.jpeg\" alt=\"\" class=\"wp-image-4615\" srcset=\"https:\/\/union-adm.at\/wp-content\/uploads\/2024\/04\/Brigitte-Philippi_Karin-Hoerzing.jpeg 1200w, https:\/\/union-adm.at\/wp-content\/uploads\/2024\/04\/Brigitte-Philippi_Karin-Hoerzing-225x300.jpeg 225w, https:\/\/union-adm.at\/wp-content\/uploads\/2024\/04\/Brigitte-Philippi_Karin-Hoerzing-768x1024.jpeg 768w, https:\/\/union-adm.at\/wp-content\/uploads\/2024\/04\/Brigitte-Philippi_Karin-Hoerzing-1152x1536.jpeg 1152w\" sizes=\"(max-width: 1200px) 100vw, 1200px\" \/><figcaption class=\"wp-element-caption\">ADM-Sektionsleiterin Brigitte Philippi und Vizeb\u00fcrgermeisterin Karin H\u00f6rzing bei der Verleihung des Sportehrenzeichens der Stadt Linz<\/figcaption><\/figure>\n<div id=\"themify_builder_content-4614\" data-postid=\"4614\" class=\"themify_builder_content themify_builder_content-4614 themify_builder themify_builder_front\">\n\n\t<\/div>\n<!-- \/themify_builder_content -->","protected":false},"excerpt":{"rendered":"<p>Am Dienstag, 23. April 2024, fand im Alten Rathaus die traditionelle Verleihung der st\u00e4dtischen Sportehrenzeichen statt. Vizeb\u00fcrgermeisterin Karin H\u00f6rzing \u00fcberreichte in Anwesenheit von Vertreter*innen der Dachsportvereine die Auszeichnungen. Mit dabei Sektionschefin der Rhythmischen Gymnastik und Sportaerobic der Sportunion ADM Linz Brigitte Philippi. Brigitte verantwortet seit nunmehr fast 25 Jahren die beiden Sektionen im Verein. Sie [&hellip;]<\/p>\n","protected":false},"author":10,"featured_media":4615,"comment_status":"open","ping_status":"open","sticky":false,"template":"","format":"standard","meta":[],"categories":[1,5,33,35],"tags":[],"_links":{"self":[{"href":"https:\/\/union-adm.at\/index.php?rest_route=\/wp\/v2\/posts\/4614"}],"collection":[{"href":"https:\/\/union-adm.at\/index.php?rest_route=\/wp\/v2\/posts"}],"about":[{"href":"https:\/\/union-adm.at\/index.php?rest_route=\/wp\/v2\/types\/post"}],"author":[{"embeddable":true,"href":"https:\/\/union-adm.at\/index.php?rest_route=\/wp\/v2\/users\/10"}],"replies":[{"embeddable":true,"href":"https:\/\/union-adm.at\/index.php?rest_route=%2Fwp%2Fv2%2Fcomments&post=4614"}],"version-history":[{"count":2,"href":"https:\/\/union-adm.at\/index.php?rest_route=\/wp\/v2\/posts\/4614\/revisions"}],"predecessor-version":[{"id":4617,"href":"https:\/\/union-adm.at\/index.php?rest_route=\/wp\/v2\/posts\/4614\/revisions\/4617"}],"wp:featuredmedia":[{"embeddable":true,"href":"https:\/\/union-adm.at\/index.php?rest_route=\/wp\/v2\/media\/4615"}],"wp:attachment":[{"href":"https:\/\/union-adm.at\/index.php?rest_route=%2Fwp%2Fv2%2Fmedia&parent=4614"}],"wp:term":[{"taxonomy":"category","embeddable":true,"href":"https:\/\/union-adm.at\/index.php?rest_route=%2Fwp%2Fv2%2Fcategories&post=4614"},{"taxonomy":"post_tag","embeddable":true,"href":"https:\/\/union-adm.at\/index.php?rest_route=%2Fwp%2Fv2%2Ftags&post=4614"}],"curies":[{"name":"wp","href":"https:\/\/api.w.org\/{rel}","templated":true}]}}