{"id":4657,"date":"2024-05-20T20:16:27","date_gmt":"2024-05-20T18:16:27","guid":{"rendered":"https:\/\/union-adm.at\/?p=4657"},"modified":"2024-05-31T17:59:20","modified_gmt":"2024-05-31T15:59:20","slug":"zwei-landesmeisterinnentitel-fuer-adm-gymnastinnen","status":"publish","type":"post","link":"https:\/\/union-adm.at\/?p=4657","title":{"rendered":"Zwei Landesmeisterinnentitel f\u00fcr ADM Gymnastinnen"},"content":{"rendered":"\n<p>Am 18. Mai 2024 fand im Olympiazentrum auf der Gugl die 57. Ober\u00f6sterreichische Landesmeisterschaft in Rhythmischer Gymnastik statt. Von den Kindern bis zu den Juniorinnen wurde der Landesmeisterinnentitel f\u00fcr die Gesamtwertung \u00fcber alle \u00dcbungen vergeben. In der Eliteklasse gab es zus\u00e4tzlich eine Wertung f\u00fcr die jeweiligen Ger\u00e4tefinalis.<\/p>\n\n\n\n<h3 class=\"wp-block-heading\"><strong>Landesmeisterinnentitel f\u00fcr Stella Bernau und Sophia Herler<\/strong><\/h3>\n\n\n\n<p>Nach dem Wechsel von der Elite Klasse in die Allgemeine Klasse zeigte Stella, dass sie nichts verlernt hat und k\u00fcrte sich zur Landesmeisterin. Auch Sophia Herler gl\u00e4nzte nach dem Umstieg zu \u201eAllgemeine Juniorinnen 1\u201c mit selbstbewusst geturnten \u00dcbungen und darf sich jetzt Landesmeisterin nennen. Mira K\u00f6hler, ebenfalls neu in dieser Klasse, durfte sich \u00fcber Silber freuen.<\/p>\n\n\n\n<figure class=\"wp-block-gallery has-nested-images columns-default is-cropped wp-block-gallery-1 is-layout-flex\">\n<figure class=\"wp-block-image size-large\"><img decoding=\"async\" loading=\"lazy\" width=\"613\" height=\"987\" data-id=\"4664\"  src=\"https:\/\/union-adm.at\/wp-content\/uploads\/2024\/05\/IMG-20240518-WA0023.jpg\" alt=\"\" class=\"wp-image-4664\" srcset=\"https:\/\/union-adm.at\/wp-content\/uploads\/2024\/05\/IMG-20240518-WA0023.jpg 613w, https:\/\/union-adm.at\/wp-content\/uploads\/2024\/05\/IMG-20240518-WA0023-186x300.jpg 186w\" sizes=\"(max-width: 613px) 100vw, 613px\" \/><figcaption class=\"wp-element-caption\">Stella Bernau<\/figcaption><\/figure>\n\n\n\n<figure class=\"wp-block-image size-large\"><img decoding=\"async\" loading=\"lazy\" width=\"1441\" height=\"1048\" data-id=\"4665\"  src=\"https:\/\/union-adm.at\/wp-content\/uploads\/2024\/05\/IMG-20240518-WA0024.jpg\" alt=\"\" class=\"wp-image-4665\" srcset=\"https:\/\/union-adm.at\/wp-content\/uploads\/2024\/05\/IMG-20240518-WA0024.jpg 1441w, https:\/\/union-adm.at\/wp-content\/uploads\/2024\/05\/IMG-20240518-WA0024-300x218.jpg 300w, https:\/\/union-adm.at\/wp-content\/uploads\/2024\/05\/IMG-20240518-WA0024-768x559.jpg 768w\" sizes=\"(max-width: 1441px) 100vw, 1441px\" \/><figcaption class=\"wp-element-caption\">Sophia Herler<\/figcaption><\/figure>\n\n\n\n<figure class=\"wp-block-image size-large\"><img decoding=\"async\" loading=\"lazy\" width=\"550\" height=\"1048\" data-id=\"4680\"  src=\"https:\/\/union-adm.at\/wp-content\/uploads\/2024\/05\/IMG-20240518-WA0024-2.jpg\" alt=\"\" class=\"wp-image-4680\" srcset=\"https:\/\/union-adm.at\/wp-content\/uploads\/2024\/05\/IMG-20240518-WA0024-2.jpg 550w, https:\/\/union-adm.at\/wp-content\/uploads\/2024\/05\/IMG-20240518-WA0024-2-157x300.jpg 157w\" sizes=\"(max-width: 550px) 100vw, 550px\" \/><figcaption class=\"wp-element-caption\">Mira K\u00f6hler<\/figcaption><\/figure>\n<\/figure>\n\n\n\n<p><\/p>\n\n\n\n<h3 class=\"wp-block-heading\"><strong>Wir verbeugen uns vor Yasmin<\/strong><\/h3>\n\n\n\n<p>Yasmin Doberenz siegte im voraussichtlich letzten Wettkampf ihrer sehr erfolgreichen Karriere im Elite Ger\u00e4tefinale Ball. In der Gesamtwertung sowie im Ger\u00e4tefinale Reifen erreichte sie Platz 2 mit Keule bzw. Band Platz 3.<\/p>\n\n\n\n<div class=\"wp-block-group is-layout-constrained\"><div class=\"wp-block-group__inner-container\">\n<figure class=\"wp-block-gallery has-nested-images columns-default is-cropped wp-block-gallery-3 is-layout-flex\">\n<figure class=\"wp-block-image size-large\"><img decoding=\"async\" loading=\"lazy\" width=\"412\" height=\"583\" src=\"https:\/\/union-adm.at\/wp-content\/uploads\/2024\/05\/IMG-20240518-WA0014-1.jpg\" alt=\"\" class=\"wp-image-4668\" srcset=\"https:\/\/union-adm.at\/wp-content\/uploads\/2024\/05\/IMG-20240518-WA0014-1.jpg 412w, https:\/\/union-adm.at\/wp-content\/uploads\/2024\/05\/IMG-20240518-WA0014-1-212x300.jpg 212w\" sizes=\"(max-width: 412px) 100vw, 412px\" \/><\/figure>\n\n\n\n<figure class=\"wp-block-image size-large\"><img decoding=\"async\" loading=\"lazy\" width=\"1351\" height=\"837\" src=\"https:\/\/union-adm.at\/wp-content\/uploads\/2024\/05\/IMG-20240518-WA0015-1.jpg\" alt=\"\" class=\"wp-image-4669\" srcset=\"https:\/\/union-adm.at\/wp-content\/uploads\/2024\/05\/IMG-20240518-WA0015-1.jpg 1351w, https:\/\/union-adm.at\/wp-content\/uploads\/2024\/05\/IMG-20240518-WA0015-1-300x186.jpg 300w, https:\/\/union-adm.at\/wp-content\/uploads\/2024\/05\/IMG-20240518-WA0015-1-768x476.jpg 768w\" sizes=\"(max-width: 1351px) 100vw, 1351px\" \/><\/figure>\n<\/figure>\n<\/div><\/div>\n\n\n\n<p>\u201eIch freue mich sehr \u00fcber diese starke Leistung. Yasmin ist eine langj\u00e4hrige St\u00fctze des Teams und wird uns fehlen. Ein toller Abschluss f\u00fcr Ihre aktive Karriere.\u201c, gratuliert Christina Philippi, ADM-Obfrau.<\/p>\n\n\n\n<p>RG-Sektionsleiterin Brigitte Philippi verr\u00e4t: \u201eEs war sch\u00f6n, die Entwicklung von Yasmin \u00fcber die Jahre hinweg mitzuerleben! Dass sie nochmal Gold erturnt hat, freut mich daher sehr. Nat\u00fcrlich hoffe ich, dass uns Yasmin nach ihrer aktiven Zeit auch weiterhin im Verein erhalten bleibt.\u201c<\/p>\n\n\n\n<p>ADM sagt: Liebe Yasmin, wir w\u00fcnschen dir alles Gute f\u00fcr deinen weiteren Weg!<\/p>\n\n\n\n<p>Unsere Elite-Gymnastin Iris Voitleitner wurde in der Gesamtwertung als auch mit dem Reifen Dritte. In den Ger\u00e4tefinalis Ball, Keule und Band erturnte sie dreimal Silber.<\/p>\n\n\n\n<figure class=\"wp-block-image size-full\"><img decoding=\"async\" loading=\"lazy\" width=\"1351\" height=\"837\" src=\"https:\/\/union-adm.at\/wp-content\/uploads\/2024\/05\/IMG-20240518-WA0015-2.jpg\" alt=\"\" class=\"wp-image-4678\" srcset=\"https:\/\/union-adm.at\/wp-content\/uploads\/2024\/05\/IMG-20240518-WA0015-2.jpg 1351w, https:\/\/union-adm.at\/wp-content\/uploads\/2024\/05\/IMG-20240518-WA0015-2-300x186.jpg 300w, https:\/\/union-adm.at\/wp-content\/uploads\/2024\/05\/IMG-20240518-WA0015-2-768x476.jpg 768w\" sizes=\"(max-width: 1351px) 100vw, 1351px\" \/><figcaption class=\"wp-element-caption\">Iris, Yasmin sowie Una Bauer vom \u00d6TB Linz<\/figcaption><\/figure>\n\n\n\n<h3 class=\"wp-block-heading\"><strong>Starke Kinder- und Jugendklassen<\/strong><\/h3>\n\n\n\n<p>Dass man sich keine Sorgen um die Zukunft der Rhythmischen Gymnastik im Verein machen muss, zeigen die 3 Silber- und 7 Bronzemedaillen vom Nachwuchs.<\/p>\n\n\n\n<p>Aufs Siegerpodest schafften es:<\/p>\n\n\n\n<p><strong>Kinderklasse 2:<\/strong> Marija Orishenko, Bronze<\/p>\n\n\n\n<figure class=\"wp-block-image size-full\"><img decoding=\"async\" loading=\"lazy\" width=\"1643\" height=\"949\" src=\"https:\/\/union-adm.at\/wp-content\/uploads\/2024\/05\/IMG-20240518-WA0022.jpg\" alt=\"\" class=\"wp-image-4670\" srcset=\"https:\/\/union-adm.at\/wp-content\/uploads\/2024\/05\/IMG-20240518-WA0022.jpg 1643w, https:\/\/union-adm.at\/wp-content\/uploads\/2024\/05\/IMG-20240518-WA0022-300x173.jpg 300w, https:\/\/union-adm.at\/wp-content\/uploads\/2024\/05\/IMG-20240518-WA0022-768x444.jpg 768w, https:\/\/union-adm.at\/wp-content\/uploads\/2024\/05\/IMG-20240518-WA0022-1536x887.jpg 1536w\" sizes=\"(max-width: 1643px) 100vw, 1643px\" \/><\/figure>\n\n\n\n<p><\/p>\n\n\n\n<p><strong>Kinder 1:<\/strong> Johanna R\u00f6bl, Bronze<\/p>\n\n\n\n<figure class=\"wp-block-image size-full\"><img decoding=\"async\" loading=\"lazy\" width=\"1665\" height=\"843\" src=\"https:\/\/union-adm.at\/wp-content\/uploads\/2024\/05\/IMG-20240518-WA0021.jpg\" alt=\"\" class=\"wp-image-4671\" srcset=\"https:\/\/union-adm.at\/wp-content\/uploads\/2024\/05\/IMG-20240518-WA0021.jpg 1665w, https:\/\/union-adm.at\/wp-content\/uploads\/2024\/05\/IMG-20240518-WA0021-300x152.jpg 300w, https:\/\/union-adm.at\/wp-content\/uploads\/2024\/05\/IMG-20240518-WA0021-768x389.jpg 768w, https:\/\/union-adm.at\/wp-content\/uploads\/2024\/05\/IMG-20240518-WA0021-1536x778.jpg 1536w\" sizes=\"(max-width: 1665px) 100vw, 1665px\" \/><\/figure>\n\n\n\n<p><\/p>\n\n\n\n<p><strong>Jugend 4:<\/strong> Lena W\u00f6dlinger, Bronze<\/p>\n\n\n\n<p><strong>Jugend 3:<\/strong> Emma Fleischanderl, Silber und Madeleine Hofmann-Gst\u00f6ttner, Bronze<\/p>\n\n\n\n<figure class=\"wp-block-image size-large\"><img decoding=\"async\" loading=\"lazy\" width=\"1920\" height=\"1440\" src=\"https:\/\/union-adm.at\/wp-content\/uploads\/2024\/05\/IMG-20240518-WA0020-1920x1440.jpg\" alt=\"\" class=\"wp-image-4672\" srcset=\"https:\/\/union-adm.at\/wp-content\/uploads\/2024\/05\/IMG-20240518-WA0020-1920x1440.jpg 1920w, https:\/\/union-adm.at\/wp-content\/uploads\/2024\/05\/IMG-20240518-WA0020-300x225.jpg 300w, https:\/\/union-adm.at\/wp-content\/uploads\/2024\/05\/IMG-20240518-WA0020-768x576.jpg 768w, https:\/\/union-adm.at\/wp-content\/uploads\/2024\/05\/IMG-20240518-WA0020-1536x1152.jpg 1536w, https:\/\/union-adm.at\/wp-content\/uploads\/2024\/05\/IMG-20240518-WA0020.jpg 2048w\" sizes=\"(max-width: 1920px) 100vw, 1920px\" \/><\/figure>\n\n\n\n<p><\/p>\n\n\n\n<p><strong>Jugend 2:<\/strong> Ines R\u00f6bl, Silber und Mislina Ibragimova, Bronze<\/p>\n\n\n\n<figure class=\"wp-block-image size-full\"><img decoding=\"async\" loading=\"lazy\" width=\"1569\" height=\"1049\" src=\"https:\/\/union-adm.at\/wp-content\/uploads\/2024\/05\/IMG-20240518-WA0019.jpg\" alt=\"\" class=\"wp-image-4673\" srcset=\"https:\/\/union-adm.at\/wp-content\/uploads\/2024\/05\/IMG-20240518-WA0019.jpg 1569w, https:\/\/union-adm.at\/wp-content\/uploads\/2024\/05\/IMG-20240518-WA0019-300x201.jpg 300w, https:\/\/union-adm.at\/wp-content\/uploads\/2024\/05\/IMG-20240518-WA0019-768x513.jpg 768w, https:\/\/union-adm.at\/wp-content\/uploads\/2024\/05\/IMG-20240518-WA0019-1536x1027.jpg 1536w\" sizes=\"(max-width: 1569px) 100vw, 1569px\" \/><\/figure>\n\n\n\n<p><\/p>\n\n\n\n<p><strong>Jugend 1:<\/strong> Lettner Caroline, Silber<\/p>\n\n\n\n<figure class=\"wp-block-image size-full\"><img decoding=\"async\" loading=\"lazy\" width=\"1546\" height=\"774\" src=\"https:\/\/union-adm.at\/wp-content\/uploads\/2024\/05\/IMG-20240518-WA0018.jpg\" alt=\"\" class=\"wp-image-4674\" srcset=\"https:\/\/union-adm.at\/wp-content\/uploads\/2024\/05\/IMG-20240518-WA0018.jpg 1546w, https:\/\/union-adm.at\/wp-content\/uploads\/2024\/05\/IMG-20240518-WA0018-300x150.jpg 300w, https:\/\/union-adm.at\/wp-content\/uploads\/2024\/05\/IMG-20240518-WA0018-768x384.jpg 768w, https:\/\/union-adm.at\/wp-content\/uploads\/2024\/05\/IMG-20240518-WA0018-1536x769.jpg 1536w\" sizes=\"(max-width: 1546px) 100vw, 1546px\" \/><\/figure>\n\n\n\n<p><\/p>\n\n\n\n<p><strong>Allgemeine Jugend 2:<\/strong> Luna Beham, Bronze<\/p>\n\n\n\n<figure class=\"wp-block-image size-full\"><img decoding=\"async\" loading=\"lazy\" width=\"1751\" height=\"1041\" src=\"https:\/\/union-adm.at\/wp-content\/uploads\/2024\/05\/IMG-20240518-WA0027.jpg\" alt=\"\" class=\"wp-image-4675\" srcset=\"https:\/\/union-adm.at\/wp-content\/uploads\/2024\/05\/IMG-20240518-WA0027.jpg 1751w, https:\/\/union-adm.at\/wp-content\/uploads\/2024\/05\/IMG-20240518-WA0027-300x178.jpg 300w, https:\/\/union-adm.at\/wp-content\/uploads\/2024\/05\/IMG-20240518-WA0027-768x457.jpg 768w, https:\/\/union-adm.at\/wp-content\/uploads\/2024\/05\/IMG-20240518-WA0027-1536x913.jpg 1536w\" sizes=\"(max-width: 1751px) 100vw, 1751px\" \/><\/figure>\n\n\n\n<p><\/p>\n\n\n\n<p><strong>Allgemeine Jugend 1:<\/strong> Zara Caner, Bronze<\/p>\n\n\n\n<figure class=\"wp-block-image size-full\"><img decoding=\"async\" loading=\"lazy\" width=\"1487\" height=\"1062\" src=\"https:\/\/union-adm.at\/wp-content\/uploads\/2024\/05\/IMG-20240518-WA0026.jpg\" alt=\"\" class=\"wp-image-4676\" srcset=\"https:\/\/union-adm.at\/wp-content\/uploads\/2024\/05\/IMG-20240518-WA0026.jpg 1487w, https:\/\/union-adm.at\/wp-content\/uploads\/2024\/05\/IMG-20240518-WA0026-300x214.jpg 300w, https:\/\/union-adm.at\/wp-content\/uploads\/2024\/05\/IMG-20240518-WA0026-768x548.jpg 768w\" sizes=\"(max-width: 1487px) 100vw, 1487px\" \/><\/figure>\n<div id=\"themify_builder_content-4657\" data-postid=\"4657\" class=\"themify_builder_content themify_builder_content-4657 themify_builder themify_builder_front\">\n\n\t<\/div>\n<!-- \/themify_builder_content -->","protected":false},"excerpt":{"rendered":"<p>Am 18. Mai 2024 fand im Olympiazentrum auf der Gugl die 57. Ober\u00f6sterreichische Landesmeisterschaft in Rhythmischer Gymnastik statt. Von den Kindern bis zu den Juniorinnen wurde der Landesmeisterinnentitel f\u00fcr die Gesamtwertung \u00fcber alle \u00dcbungen vergeben. In der Eliteklasse gab es zus\u00e4tzlich eine Wertung f\u00fcr die jeweiligen Ger\u00e4tefinalis. Landesmeisterinnentitel f\u00fcr Stella Bernau und Sophia Herler Nach [&hellip;]<\/p>\n","protected":false},"author":11,"featured_media":4677,"comment_status":"open","ping_status":"open","sticky":false,"template":"","format":"standard","meta":[],"categories":[1,5,33],"tags":[],"_links":{"self":[{"href":"https:\/\/union-adm.at\/index.php?rest_route=\/wp\/v2\/posts\/4657"}],"collection":[{"href":"https:\/\/union-adm.at\/index.php?rest_route=\/wp\/v2\/posts"}],"about":[{"href":"https:\/\/union-adm.at\/index.php?rest_route=\/wp\/v2\/types\/post"}],"author":[{"embeddable":true,"href":"https:\/\/union-adm.at\/index.php?rest_route=\/wp\/v2\/users\/11"}],"replies":[{"embeddable":true,"href":"https:\/\/union-adm.at\/index.php?rest_route=%2Fwp%2Fv2%2Fcomments&post=4657"}],"version-history":[{"count":18,"href":"https:\/\/union-adm.at\/index.php?rest_route=\/wp\/v2\/posts\/4657\/revisions"}],"predecessor-version":[{"id":4695,"href":"https:\/\/union-adm.at\/index.php?rest_route=\/wp\/v2\/posts\/4657\/revisions\/4695"}],"wp:featuredmedia":[{"embeddable":true,"href":"https:\/\/union-adm.at\/index.php?rest_route=\/wp\/v2\/media\/4677"}],"wp:attachment":[{"href":"https:\/\/union-adm.at\/index.php?rest_route=%2Fwp%2Fv2%2Fmedia&parent=4657"}],"wp:term":[{"taxonomy":"category","embeddable":true,"href":"https:\/\/union-adm.at\/index.php?rest_route=%2Fwp%2Fv2%2Fcategories&post=4657"},{"taxonomy":"post_tag","embeddable":true,"href":"https:\/\/union-adm.at\/index.php?rest_route=%2Fwp%2Fv2%2Ftags&post=4657"}],"curies":[{"name":"wp","href":"https:\/\/api.w.org\/{rel}","templated":true}]}}