{"id":4790,"date":"2024-10-16T14:48:18","date_gmt":"2024-10-16T12:48:18","guid":{"rendered":"https:\/\/union-adm.at\/?p=4790"},"modified":"2024-10-16T14:49:51","modified_gmt":"2024-10-16T12:49:51","slug":"rhythmische-gymnastik-erfolgreicher-sissi-cup-2024","status":"publish","type":"post","link":"https:\/\/union-adm.at\/?p=4790","title":{"rendered":"Rhythmische Gymnastik: Erfolgreicher Sissi Cup 2024"},"content":{"rendered":"\n<p>Von 12. bis 13 Oktober 2024 fand der international besetzte 8. Sissi Cup in Salzburg statt. Gleich drei ADM-Athletinnen durften sich \u00fcber Platzierungen freuen.<\/p>\n\n\n\n<p>Am Samstagabend startete Iris Voitleitner in der Kategorie \u201eA Seniors\u201c und erturnte gegen die sehr starke Konkurrenz Silber mit ihrer ausdrucksstarken Ball\u00fcbung. Mit dem Reifen sowie in der Gesamtwertung gelang ihr ein solider 5. Platz.<\/p>\n\n\n\n<figure class=\"wp-block-image size-full is-resized\"><img decoding=\"async\" loading=\"lazy\" src=\"https:\/\/union-adm.at\/wp-content\/uploads\/2024\/10\/IMG-20241015-WA0010.jpg\" alt=\"\" class=\"wp-image-4793\" width=\"839\" height=\"468\" \/><figcaption class=\"wp-element-caption\">Iris Voitleitner<\/figcaption><\/figure>\n\n\n\n<h3 class=\"wp-block-heading\">Zweimal Gold am Sonntag<\/h3>\n\n\n\n<p>Sophia Herler (B Juniors I) und Stella Bernau (B Seniors) \u00fcberzeugten mit ihren Keulen\u00fcbungen und durften sich \u00fcber Gold freuen. <\/p>\n\n\n\n<figure class=\"wp-block-image size-full\"><img decoding=\"async\" loading=\"lazy\" width=\"935\" height=\"568\" src=\"https:\/\/union-adm.at\/wp-content\/uploads\/2024\/10\/Screenshot_20241016_144442_WhatsApp.jpg\" alt=\"\" class=\"wp-image-4794\" srcset=\"https:\/\/union-adm.at\/wp-content\/uploads\/2024\/10\/Screenshot_20241016_144442_WhatsApp.jpg 935w, https:\/\/union-adm.at\/wp-content\/uploads\/2024\/10\/Screenshot_20241016_144442_WhatsApp-300x182.jpg 300w, https:\/\/union-adm.at\/wp-content\/uploads\/2024\/10\/Screenshot_20241016_144442_WhatsApp-768x467.jpg 768w\" sizes=\"(max-width: 935px) 100vw, 935px\" \/><figcaption class=\"wp-element-caption\">Sophia Herler<\/figcaption><\/figure>\n\n\n\n<p>Einen suboptimalen Tag erwischte leider unsere Reifengruppe der Jugend A. Nach dem v\u00f6llig verpatzten ersten Durchgang sammelten sich die M\u00e4dchen und zeigten eine gute zweite \u00dcbung.<\/p>\n\n\n\n<figure class=\"wp-block-image size-full\"><img decoding=\"async\" loading=\"lazy\" width=\"1740\" height=\"1160\" src=\"https:\/\/union-adm.at\/wp-content\/uploads\/2024\/10\/IMG-20241015-WA0005.jpg\" alt=\"\" class=\"wp-image-4795\" srcset=\"https:\/\/union-adm.at\/wp-content\/uploads\/2024\/10\/IMG-20241015-WA0005.jpg 1740w, https:\/\/union-adm.at\/wp-content\/uploads\/2024\/10\/IMG-20241015-WA0005-300x200.jpg 300w, https:\/\/union-adm.at\/wp-content\/uploads\/2024\/10\/IMG-20241015-WA0005-768x512.jpg 768w, https:\/\/union-adm.at\/wp-content\/uploads\/2024\/10\/IMG-20241015-WA0005-1536x1024.jpg 1536w\" sizes=\"(max-width: 1740px) 100vw, 1740px\" \/><figcaption class=\"wp-element-caption\">Alma, Ines, Madeleine, Emma, Martha und Caroline<\/figcaption><\/figure>\n\n\n\n<p>ADM gratuliert und w\u00fcnscht weiterhin viel Erfolg.<\/p>\n<div id=\"themify_builder_content-4790\" data-postid=\"4790\" class=\"themify_builder_content themify_builder_content-4790 themify_builder themify_builder_front\">\n\n\t<\/div>\n<!-- \/themify_builder_content -->","protected":false},"excerpt":{"rendered":"<p>Von 12. bis 13 Oktober 2024 fand der international besetzte 8. Sissi Cup in Salzburg statt. Gleich drei ADM-Athletinnen durften sich \u00fcber Platzierungen freuen. Am Samstagabend startete Iris Voitleitner in der Kategorie \u201eA Seniors\u201c und erturnte gegen die sehr starke Konkurrenz Silber mit ihrer ausdrucksstarken Ball\u00fcbung. Mit dem Reifen sowie in der Gesamtwertung gelang ihr [&hellip;]<\/p>\n","protected":false},"author":11,"featured_media":4798,"comment_status":"open","ping_status":"open","sticky":false,"template":"","format":"standard","meta":[],"categories":[1,5,33],"tags":[],"_links":{"self":[{"href":"https:\/\/union-adm.at\/index.php?rest_route=\/wp\/v2\/posts\/4790"}],"collection":[{"href":"https:\/\/union-adm.at\/index.php?rest_route=\/wp\/v2\/posts"}],"about":[{"href":"https:\/\/union-adm.at\/index.php?rest_route=\/wp\/v2\/types\/post"}],"author":[{"embeddable":true,"href":"https:\/\/union-adm.at\/index.php?rest_route=\/wp\/v2\/users\/11"}],"replies":[{"embeddable":true,"href":"https:\/\/union-adm.at\/index.php?rest_route=%2Fwp%2Fv2%2Fcomments&post=4790"}],"version-history":[{"count":8,"href":"https:\/\/union-adm.at\/index.php?rest_route=\/wp\/v2\/posts\/4790\/revisions"}],"predecessor-version":[{"id":4803,"href":"https:\/\/union-adm.at\/index.php?rest_route=\/wp\/v2\/posts\/4790\/revisions\/4803"}],"wp:featuredmedia":[{"embeddable":true,"href":"https:\/\/union-adm.at\/index.php?rest_route=\/wp\/v2\/media\/4798"}],"wp:attachment":[{"href":"https:\/\/union-adm.at\/index.php?rest_route=%2Fwp%2Fv2%2Fmedia&parent=4790"}],"wp:term":[{"taxonomy":"category","embeddable":true,"href":"https:\/\/union-adm.at\/index.php?rest_route=%2Fwp%2Fv2%2Fcategories&post=4790"},{"taxonomy":"post_tag","embeddable":true,"href":"https:\/\/union-adm.at\/index.php?rest_route=%2Fwp%2Fv2%2Ftags&post=4790"}],"curies":[{"name":"wp","href":"https:\/\/api.w.org\/{rel}","templated":true}]}}